{"id":129231,"date":"2020-02-03T20:05:47","date_gmt":"2020-02-03T18:05:47","guid":{"rendered":"http:\/\/sana.sy\/es\/?p=129231"},"modified":"2020-02-04T14:41:47","modified_gmt":"2020-02-04T12:41:47","slug":"ejercito-libera-a-jobas-y-san-en-idleb","status":"publish","type":"post","link":"https:\/\/archive.sana.sy\/es\/?p=129231","title":{"rendered":"Ej\u00e9rcito libera tres nuevas localidades en Idleb y corta rutas de suministro a los terroristas en Saraqueb"},"content":{"rendered":"<p style=\"text-align: justify;\"><strong><span lang=\"ES-TRAD\" style=\"color: #800000;\">Idleb, SANA<\/span><\/strong><\/p>\n<p style=\"text-align: justify;\"><span lang=\"ES-TRAD\">El Ej\u00e9rcito sirio continu\u00f3 sus operaciones contra las agrupaciones terroristas en el sudeste de la provincia de Idleb y liber\u00f3 las localidades de Jobas, San, y Tronba, y avanz\u00f3 hacia el municipio de Saraqueb.<\/span><\/p>\n<p>El reportero de SANA precis\u00f3 que las unidades castrenses abatieron a siete terroristas del llamado grupo \u201cEj\u00e9rcito al-Fateh\u201d, algunos son de nacionalidades extranjeras, en la periferia de la localidad de San.<\/p>\n<p>\u201cLos terroristas ten\u00edan en su posesi\u00f3n un mortero, cinturones explosivos, y una sustancia qu\u00edmica en polvo\u201d, subray\u00f3.<\/p>\n<p>Agreg\u00f3 que con la liberaci\u00f3n de la localidad de Tronba al oeste de la ciudad de Saraqueb, el Ej\u00e9rcito sirio logr\u00f3 cortar las rutas de suministro log\u00edstico a los terroristas presentantes entre las ciudades de Saraqueb y Ariha.<\/p>\n<p style=\"text-align: justify;\">&#8220;Los uniformados sirios siguen librando feroces enfrentamientos contra los terroristas en el pueblo de al-Nairab al norte de la carretera internacional Alepo-Latakia, entre Saraqueb y Ariha&#8221;, se\u00f1al\u00f3.<\/p>\n<p style=\"text-align: justify;\"><span lang=\"ES-TRAD\">Report\u00f3 que durante los operativos de persecuci\u00f3n de los terroristas cuatro soldados turcos murieron y otros nueve resultaron heridos.<\/span><\/p>\n<p style=\"text-align: justify;\"><span lang=\"ES-TRAD\">Marc\u00f3 que las fuerzas del r\u00e9gimen turco respondieron y atacaron las unidades militares sin reportarse heridos o da\u00f1os.<\/span><\/p>\n<p style=\"text-align: justify;\"><span lang=\"ES-TRAD\">En la v\u00edspera, el ej\u00e9rcito sirio liber\u00f3 las localidades de Enkrati, Kafer Batikh y Kafer Dadekh en la provincia de Idleb.<\/span><\/p>\n<p><strong><span style=\"color: #0000ff;\">F.M\/W.S\/L.A<\/span><\/strong><\/p>\n<p>&nbsp;<\/p>\n<div id='gallery-1' class='gallery galleryid-129231 gallery-columns-1 gallery-size-full'><figure class='gallery-item'>\n\t\t\t<div class='gallery-icon landscape'>\n\t\t\t\t<a href='https:\/\/archive.sana.sy\/es\/wp-content\/uploads\/2020\/02\/DSC_2148-scaled.jpg'><img loading=\"lazy\" decoding=\"async\" width=\"2560\" height=\"1464\" src=\"https:\/\/archive.sana.sy\/es\/wp-content\/uploads\/2020\/02\/DSC_2148-scaled.jpg\" class=\"attachment-full size-full\" alt=\"\" srcset=\"https:\/\/archive.sana.sy\/es\/wp-content\/uploads\/2020\/02\/DSC_2148-scaled.jpg 2560w, https:\/\/archive.sana.sy\/es\/wp-content\/uploads\/2020\/02\/DSC_2148-300x172.jpg 300w, https:\/\/archive.sana.sy\/es\/wp-content\/uploads\/2020\/02\/DSC_2148-1024x586.jpg 1024w, https:\/\/archive.sana.sy\/es\/wp-content\/uploads\/2020\/02\/DSC_2148-150x86.jpg 150w, https:\/\/archive.sana.sy\/es\/wp-content\/uploads\/2020\/02\/DSC_2148-768x439.jpg 768w, https:\/\/archive.sana.sy\/es\/wp-content\/uploads\/2020\/02\/DSC_2148-1536x878.jpg 1536w, https:\/\/archive.sana.sy\/es\/wp-content\/uploads\/2020\/02\/DSC_2148-2048x1171.jpg 2048w\" sizes=\"(max-width: 2560px) 100vw, 2560px\" \/><\/a>\n\t\t\t<\/div><\/figure><figure class='gallery-item'>\n\t\t\t<div class='gallery-icon landscape'>\n\t\t\t\t<a href='https:\/\/archive.sana.sy\/es\/wp-content\/uploads\/2020\/02\/DSC_2158-scaled.jpg'><img loading=\"lazy\" decoding=\"async\" width=\"2560\" height=\"1707\" src=\"https:\/\/archive.sana.sy\/es\/wp-content\/uploads\/2020\/02\/DSC_2158-scaled.jpg\" class=\"attachment-full size-full\" alt=\"\" srcset=\"https:\/\/archive.sana.sy\/es\/wp-content\/uploads\/2020\/02\/DSC_2158-scaled.jpg 2560w, https:\/\/archive.sana.sy\/es\/wp-content\/uploads\/2020\/02\/DSC_2158-300x200.jpg 300w, https:\/\/archive.sana.sy\/es\/wp-content\/uploads\/2020\/02\/DSC_2158-1024x683.jpg 1024w, https:\/\/archive.sana.sy\/es\/wp-content\/uploads\/2020\/02\/DSC_2158-150x100.jpg 150w, https:\/\/archive.sana.sy\/es\/wp-content\/uploads\/2020\/02\/DSC_2158-768x512.jpg 768w, https:\/\/archive.sana.sy\/es\/wp-content\/uploads\/2020\/02\/DSC_2158-1536x1024.jpg 1536w, https:\/\/archive.sana.sy\/es\/wp-content\/uploads\/2020\/02\/DSC_2158-2048x1365.jpg 2048w\" sizes=\"(max-width: 2560px) 100vw, 2560px\" \/><\/a>\n\t\t\t<\/div><\/figure><figure class='gallery-item'>\n\t\t\t<div class='gallery-icon landscape'>\n\t\t\t\t<a href='https:\/\/archive.sana.sy\/es\/wp-content\/uploads\/2020\/02\/DSC_2152-scaled.jpg'><img loading=\"lazy\" decoding=\"async\" width=\"2560\" height=\"1707\" src=\"https:\/\/archive.sana.sy\/es\/wp-content\/uploads\/2020\/02\/DSC_2152-scaled.jpg\" class=\"attachment-full size-full\" alt=\"\" srcset=\"https:\/\/archive.sana.sy\/es\/wp-content\/uploads\/2020\/02\/DSC_2152-scaled.jpg 2560w, https:\/\/archive.sana.sy\/es\/wp-content\/uploads\/2020\/02\/DSC_2152-300x200.jpg 300w, https:\/\/archive.sana.sy\/es\/wp-content\/uploads\/2020\/02\/DSC_2152-1024x683.jpg 1024w, https:\/\/archive.sana.sy\/es\/wp-content\/uploads\/2020\/02\/DSC_2152-150x100.jpg 150w, https:\/\/archive.sana.sy\/es\/wp-content\/uploads\/2020\/02\/DSC_2152-768x512.jpg 768w, https:\/\/archive.sana.sy\/es\/wp-content\/uploads\/2020\/02\/DSC_2152-1536x1024.jpg 1536w, https:\/\/archive.sana.sy\/es\/wp-content\/uploads\/2020\/02\/DSC_2152-2048x1365.jpg 2048w\" sizes=\"(max-width: 2560px) 100vw, 2560px\" \/><\/a>\n\t\t\t<\/div><\/figure><figure class='gallery-item'>\n\t\t\t<div class='gallery-icon landscape'>\n\t\t\t\t<a href='https:\/\/archive.sana.sy\/es\/wp-content\/uploads\/2020\/02\/DSC_2159-scaled.jpg'><img loading=\"lazy\" decoding=\"async\" width=\"2560\" height=\"1707\" src=\"https:\/\/archive.sana.sy\/es\/wp-content\/uploads\/2020\/02\/DSC_2159-scaled.jpg\" class=\"attachment-full size-full\" alt=\"\" srcset=\"https:\/\/archive.sana.sy\/es\/wp-content\/uploads\/2020\/02\/DSC_2159-scaled.jpg 2560w, https:\/\/archive.sana.sy\/es\/wp-content\/uploads\/2020\/02\/DSC_2159-300x200.jpg 300w, https:\/\/archive.sana.sy\/es\/wp-content\/uploads\/2020\/02\/DSC_2159-1024x683.jpg 1024w, https:\/\/archive.sana.sy\/es\/wp-content\/uploads\/2020\/02\/DSC_2159-150x100.jpg 150w, https:\/\/archive.sana.sy\/es\/wp-content\/uploads\/2020\/02\/DSC_2159-768x512.jpg 768w, https:\/\/archive.sana.sy\/es\/wp-content\/uploads\/2020\/02\/DSC_2159-1536x1024.jpg 1536w, https:\/\/archive.sana.sy\/es\/wp-content\/uploads\/2020\/02\/DSC_2159-2048x1365.jpg 2048w\" sizes=\"(max-width: 2560px) 100vw, 2560px\" \/><\/a>\n\t\t\t<\/div><\/figure>\n\t\t<\/div>\n\n<p><img decoding=\"async\" src=\"http:\/\/www.sana.sy\/wp-content\/uploads\/2020\/02\/DSC_2175-scaled.jpg\" \/><\/p>\n<p><img decoding=\"async\" src=\"https:\/\/www.sana.sy\/wp-content\/uploads\/2020\/02\/DSC_2053-scaled.jpg\" \/><\/p>\n<p><img decoding=\"async\" src=\"https:\/\/www.sana.sy\/wp-content\/uploads\/2020\/02\/photo_2020-02-03_19-29-26-scaled.jpg\" \/><\/p>\n<p><img decoding=\"async\" src=\"https:\/\/www.sana.sy\/wp-content\/uploads\/2020\/02\/photo_2020-02-03_19-29-30-scaled.jpg\" \/><\/p>\n<p><img decoding=\"async\" src=\"https:\/\/www.sana.sy\/wp-content\/uploads\/2020\/02\/photo_2020-02-03_19-29-37-scaled.jpg\" \/><\/p>\n<p><img decoding=\"async\" src=\"https:\/\/www.sana.sy\/wp-content\/uploads\/2020\/02\/DSC_2119-scaled.jpg\" \/><\/p>\n<p><img decoding=\"async\" src=\"https:\/\/www.sana.sy\/wp-content\/uploads\/2020\/02\/MAH05698.MP4_snapshot_00.01.226-scaled.jpg\" \/><\/p>\n<p><img decoding=\"async\" src=\"https:\/\/www.sana.sy\/wp-content\/uploads\/2020\/02\/photo_2020-02-03_20-49-23-scaled.jpg\" \/><\/p>\n<p><img decoding=\"async\" src=\"https:\/\/www.sana.sy\/wp-content\/uploads\/2020\/02\/photo_2020-02-03_20-49-49-scaled.jpg\" \/><\/p>\n<p style=\"text-align: justify;\">\n","protected":false},"excerpt":{"rendered":"<p>Idleb, SANA El Ej\u00e9rcito sirio continu\u00f3 sus operaciones contra las agrupaciones terroristas en el sudeste de la provincia de Idleb y liber\u00f3 las localidades de Jobas, San, y Tronba, y avanz\u00f3 hacia el municipio de Saraqueb. El reportero de SANA precis\u00f3 que las unidades castrenses abatieron a siete terroristas del llamado grupo \u201cEj\u00e9rcito al-Fateh\u201d, algunos &hellip;<\/p>\n","protected":false},"author":35,"featured_media":129354,"comment_status":"closed","ping_status":"closed","sticky":false,"template":"","format":"standard","meta":{"footnotes":""},"categories":[597,573,476],"tags":[],"class_list":["post-129231","post","type-post","status-publish","format-standard","has-post-thumbnail","","category-cinta-de-noticias","category-la-realidad-de-los-acontecimientos-en-siria","category-locales"],"_links":{"self":[{"href":"https:\/\/archive.sana.sy\/es\/index.php?rest_route=\/wp\/v2\/posts\/129231"}],"collection":[{"href":"https:\/\/archive.sana.sy\/es\/index.php?rest_route=\/wp\/v2\/posts"}],"about":[{"href":"https:\/\/archive.sana.sy\/es\/index.php?rest_route=\/wp\/v2\/types\/post"}],"author":[{"embeddable":true,"href":"https:\/\/archive.sana.sy\/es\/index.php?rest_route=\/wp\/v2\/users\/35"}],"replies":[{"embeddable":true,"href":"https:\/\/archive.sana.sy\/es\/index.php?rest_route=%2Fwp%2Fv2%2Fcomments&post=129231"}],"version-history":[{"count":0,"href":"https:\/\/archive.sana.sy\/es\/index.php?rest_route=\/wp\/v2\/posts\/129231\/revisions"}],"wp:featuredmedia":[{"embeddable":true,"href":"https:\/\/archive.sana.sy\/es\/index.php?rest_route=\/wp\/v2\/media\/129354"}],"wp:attachment":[{"href":"https:\/\/archive.sana.sy\/es\/index.php?rest_route=%2Fwp%2Fv2%2Fmedia&parent=129231"}],"wp:term":[{"taxonomy":"category","embeddable":true,"href":"https:\/\/archive.sana.sy\/es\/index.php?rest_route=%2Fwp%2Fv2%2Fcategories&post=129231"},{"taxonomy":"post_tag","embeddable":true,"href":"https:\/\/archive.sana.sy\/es\/index.php?rest_route=%2Fwp%2Fv2%2Ftags&post=129231"}],"curies":[{"name":"wp","href":"https:\/\/api.w.org\/{rel}","templated":true}]}}