{"id":129311,"date":"2020-02-03T18:47:13","date_gmt":"2020-02-03T16:47:13","guid":{"rendered":"http:\/\/sana.sy\/es\/?p=129311"},"modified":"2020-02-03T18:47:13","modified_gmt":"2020-02-03T16:47:13","slug":"teheran-siria-tiene-derecho-a-liberar-su-territorio-del-terrorismo-y-preservar-su-soberania","status":"publish","type":"post","link":"https:\/\/archive.sana.sy\/es\/?p=129311","title":{"rendered":"Teher\u00e1n: Siria tiene derecho a liberar su territorio del terrorismo y preservar su soberan\u00eda"},"content":{"rendered":"<p style=\"text-align: justify\"><span style=\"color: #800000\">Teher\u00e1n, SANA<\/span><\/p>\n<p style=\"text-align: justify\">El portavoz de la Canciller\u00eda iran\u00ed, Abbas Mousavi, reiter\u00f3 el derecho del Estado sirio a librar todos sus territorios del terrorismo, subrayando la necesidad de que los dem\u00e1s pa\u00edses respeten la decisi\u00f3n de Siria de preservar su soberan\u00eda e integridad territorial.<\/p>\n<p style=\"text-align: justify\">Durante su rueda de prensa semanal, Mousavi dijo que Damasco tiene derecho a liberar su suelo del terrorismo Takfiri, y a preservar su soberan\u00eda e integridad territorial, haciendo alusi\u00f3n a los operativos del Ej\u00e9rcito sirio en la provincia de Idleb y sus alrededores.<\/p>\n<p style=\"text-align: justify\">El alto pol\u00edtico iran\u00ed asever\u00f3 que le corresponde s\u00f3lo al pueblo sirio decidir el futuro de su pa\u00eds, y subray\u00f3 que la soluci\u00f3n pol\u00edtica es la \u00fanica salida de Siria y se\u00f1alando la importancia del curso de Astana en este sentido.<\/p>\n<p style=\"text-align: justify\">Mousavi se\u00f1al\u00f3 que la presencia iran\u00ed en algunos pa\u00edses de la regi\u00f3n se ha realizado en el marco de ofrecerles asesor\u00eda de consulta a solicitud de los gobiernos de estas naciones, indicando que Ir\u00e1n emplea todas sus capacidades para establecer la seguridad y estabilidad en Oriente Medio.<\/p>\n<p style=\"text-align: justify\">En otro contexto, Mousavi reiter\u00f3 la solidaridad de su pa\u00eds con Palestina, fustigando que el llamado &#8220;Acuerdo del Siglo&#8221; anunciado recientemente por el presidente estadounidense constituye una clara violaci\u00f3n de los derechos del pueblo palestino.<\/p>\n<p style=\"text-align: justify\">\nL.A.<\/p>\n","protected":false},"excerpt":{"rendered":"<p>Teher\u00e1n, SANA El portavoz de la Canciller\u00eda iran\u00ed, Abbas Mousavi, reiter\u00f3 el derecho del Estado sirio a librar todos sus territorios del terrorismo, subrayando la necesidad de que los dem\u00e1s pa\u00edses respeten la decisi\u00f3n de Siria de preservar su soberan\u00eda e integridad territorial. Durante su rueda de prensa semanal, Mousavi dijo que Damasco tiene derecho &hellip;<\/p>\n","protected":false},"author":24,"featured_media":129312,"comment_status":"closed","ping_status":"closed","sticky":false,"template":"","format":"standard","meta":{"footnotes":""},"categories":[597,467],"tags":[],"class_list":["post-129311","post","type-post","status-publish","format-standard","has-post-thumbnail","","category-cinta-de-noticias","category-siria-y-el-mundo"],"_links":{"self":[{"href":"https:\/\/archive.sana.sy\/es\/index.php?rest_route=\/wp\/v2\/posts\/129311"}],"collection":[{"href":"https:\/\/archive.sana.sy\/es\/index.php?rest_route=\/wp\/v2\/posts"}],"about":[{"href":"https:\/\/archive.sana.sy\/es\/index.php?rest_route=\/wp\/v2\/types\/post"}],"author":[{"embeddable":true,"href":"https:\/\/archive.sana.sy\/es\/index.php?rest_route=\/wp\/v2\/users\/24"}],"replies":[{"embeddable":true,"href":"https:\/\/archive.sana.sy\/es\/index.php?rest_route=%2Fwp%2Fv2%2Fcomments&post=129311"}],"version-history":[{"count":0,"href":"https:\/\/archive.sana.sy\/es\/index.php?rest_route=\/wp\/v2\/posts\/129311\/revisions"}],"wp:featuredmedia":[{"embeddable":true,"href":"https:\/\/archive.sana.sy\/es\/index.php?rest_route=\/wp\/v2\/media\/129312"}],"wp:attachment":[{"href":"https:\/\/archive.sana.sy\/es\/index.php?rest_route=%2Fwp%2Fv2%2Fmedia&parent=129311"}],"wp:term":[{"taxonomy":"category","embeddable":true,"href":"https:\/\/archive.sana.sy\/es\/index.php?rest_route=%2Fwp%2Fv2%2Fcategories&post=129311"},{"taxonomy":"post_tag","embeddable":true,"href":"https:\/\/archive.sana.sy\/es\/index.php?rest_route=%2Fwp%2Fv2%2Ftags&post=129311"}],"curies":[{"name":"wp","href":"https:\/\/api.w.org\/{rel}","templated":true}]}}