{"id":129373,"date":"2020-02-03T23:06:29","date_gmt":"2020-02-03T21:06:29","guid":{"rendered":"http:\/\/sana.sy\/es\/?p=129373"},"modified":"2020-02-04T06:57:21","modified_gmt":"2020-02-04T04:57:21","slug":"terroristas-continuan-obstaculizando-la-evacuacion-de-los-civiles-mediante-los-corredores-humanitarios-en-idleb-y-alepo","status":"publish","type":"post","link":"https:\/\/archive.sana.sy\/es\/?p=129373","title":{"rendered":"Terroristas siguen impidiendo evacuaci\u00f3n de civiles mediante corredores humanitarios en Idleb y Alepo"},"content":{"rendered":"<p><span style=\"color: #800000;\">Idleb &#8211; Alepo, SANA<\/span><\/p>\n<p style=\"text-align: justify;\">Las organizaciones terroristas siguen impidiendo la evacuaci\u00f3n de los civiles sirios a trav\u00e9s de los corredores humanitarios instalados en las norte\u00f1as provincias de Idleb y Alepo.<\/p>\n<p style=\"text-align: justify;\">El reportero de SANA precis\u00f3 que los terroristas siguen ejerciendo presiones y emplean las amenazas y la intimidaci\u00f3n contra las personas que quieren dirigirse a los dos corredores de Abu al-Duhur y al-Habit en el sudeste y este de Idleb, y al-Hader en el sur de Alepo, con el fin de impedirles de salir a las zonas seguras y seguir utiliz\u00e1ndolos como escudos humanos.<\/p>\n<p style=\"text-align: justify;\">Se\u00f1al\u00f3 que las organizaciones terroristas, desde los primeros d\u00edas de la apertura de los referidos corredores, procedieron a sabotear y minar con explosivos las carreteras secundarias que conducen a esos corredores para bloquear a los veh\u00edculos que pretenden evacuar a los civiles.<\/p>\n<p><span style=\"color: #0000ff;\">L.A\/R.R\/F.M<\/span><\/p>\n","protected":false},"excerpt":{"rendered":"<p>Idleb &#8211; Alepo, SANA Las organizaciones terroristas siguen impidiendo la evacuaci\u00f3n de los civiles sirios a trav\u00e9s de los corredores humanitarios instalados en las norte\u00f1as provincias de Idleb y Alepo. El reportero de SANA precis\u00f3 que los terroristas siguen ejerciendo presiones y emplean las amenazas y la intimidaci\u00f3n contra las personas que quieren dirigirse a &hellip;<\/p>\n","protected":false},"author":31,"featured_media":129374,"comment_status":"closed","ping_status":"closed","sticky":false,"template":"","format":"standard","meta":{"footnotes":""},"categories":[597,573,7541],"tags":[],"class_list":["post-129373","post","type-post","status-publish","format-standard","has-post-thumbnail","","category-cinta-de-noticias","category-la-realidad-de-los-acontecimientos-en-siria","category-ultimas-noticias"],"_links":{"self":[{"href":"https:\/\/archive.sana.sy\/es\/index.php?rest_route=\/wp\/v2\/posts\/129373"}],"collection":[{"href":"https:\/\/archive.sana.sy\/es\/index.php?rest_route=\/wp\/v2\/posts"}],"about":[{"href":"https:\/\/archive.sana.sy\/es\/index.php?rest_route=\/wp\/v2\/types\/post"}],"author":[{"embeddable":true,"href":"https:\/\/archive.sana.sy\/es\/index.php?rest_route=\/wp\/v2\/users\/31"}],"replies":[{"embeddable":true,"href":"https:\/\/archive.sana.sy\/es\/index.php?rest_route=%2Fwp%2Fv2%2Fcomments&post=129373"}],"version-history":[{"count":0,"href":"https:\/\/archive.sana.sy\/es\/index.php?rest_route=\/wp\/v2\/posts\/129373\/revisions"}],"wp:featuredmedia":[{"embeddable":true,"href":"https:\/\/archive.sana.sy\/es\/index.php?rest_route=\/wp\/v2\/media\/129374"}],"wp:attachment":[{"href":"https:\/\/archive.sana.sy\/es\/index.php?rest_route=%2Fwp%2Fv2%2Fmedia&parent=129373"}],"wp:term":[{"taxonomy":"category","embeddable":true,"href":"https:\/\/archive.sana.sy\/es\/index.php?rest_route=%2Fwp%2Fv2%2Fcategories&post=129373"},{"taxonomy":"post_tag","embeddable":true,"href":"https:\/\/archive.sana.sy\/es\/index.php?rest_route=%2Fwp%2Fv2%2Ftags&post=129373"}],"curies":[{"name":"wp","href":"https:\/\/api.w.org\/{rel}","templated":true}]}}