{"id":129395,"date":"2020-02-04T09:16:10","date_gmt":"2020-02-04T07:16:10","guid":{"rendered":"http:\/\/sana.sy\/es\/?p=129395"},"modified":"2020-02-04T11:58:59","modified_gmt":"2020-02-04T09:58:59","slug":"ataques-terroristas-contra-cuatro-instalaciones-petroleras-y-de-gas-en-la-provincia-de-homs","status":"publish","type":"post","link":"https:\/\/archive.sana.sy\/es\/?p=129395","title":{"rendered":"Ataques terroristas contra cuatro instalaciones petroleras y de gas en la provincia de Homs"},"content":{"rendered":"<div class=\"gs\">\n<div class=\"\">\n<div id=\":13w\" class=\"ii gt\">\n<div id=\":13v\" class=\"a3s aXjCH \">\n<div dir=\"ltr\">\n<div>\n<p style=\"text-align: justify;\"><span style=\"color: #800000;\"><strong><span lang=\"ES-TRAD\">Homs, SANA<\/span><\/strong><\/span><\/p>\n<p style=\"text-align: justify;\"><span lang=\"ES-TRAD\">Tres plantas de gas y una refiner\u00eda de petr\u00f3leo fueron blancos de ataques terroristas que provocaron da\u00f1os materiales.<\/span><\/p>\n<p style=\"text-align: justify;\"><span lang=\"ES-TRAD\">El Ministro de Petr\u00f3leo y Recursos Minerales, Ali Ghanem, declar\u00f3 a SANA que los terroristas y sus patrocinadores volvieron a atacar el sector de hidrocarburo y sus instalaciones.<\/span><\/p>\n<p style=\"text-align: justify;\"><span lang=\"ES-TRAD\">Esta madrugada, hubo ataques terroristas contra las plantas de gas Ebla, Rayan y del sur de la regi\u00f3n central, y tambi\u00e9n la refiner\u00eda de Homs&#8221;, revel\u00f3 el Titular.<\/span><\/p>\n<p style=\"text-align: justify;\"><span lang=\"ES-TRAD\">Agreg\u00f3 que inmediatamente la Defensa Civil y los bomberos extinguieron los incendios provocados, mientras el personal t\u00e9cnico comenz\u00f3 a evaluar y reparar los da\u00f1os en las unidades afectadas.<\/span><\/p>\n<p style=\"text-align: justify;\"><span lang=\"ES-TRAD\">Ghassan Taraf, Director General de la Compa\u00f1\u00eda de Gas de Siria, declar\u00f3 que a las 00:30 horas de hoy martes, la estaci\u00f3n de gas Rayan fue atacada por terroristas con varios proyectiles, mientras la planta del sur de la regi\u00f3n central fue atacada con tres proyectiles y la planta Ebla con dos proyectiles, lo que provoc\u00f3 incendios y da\u00f1os materiales.<\/span><\/p>\n<p style=\"text-align: justify;\"><span lang=\"ES-TRAD\">Agreg\u00f3 que los incendios causados \u200b\u200bpor los ataques terroristas fueron controlados y actualmente se est\u00e1n evaluando los da\u00f1os y ya comenz\u00f3 la reparaci\u00f3n.<\/span><\/p>\n<\/div>\n<div class=\"adL\" style=\"text-align: justify;\"><span style=\"color: #0000ff;\">F.M\/ E.D<\/span><\/div>\n<\/div>\n<\/div>\n<\/div>\n<div id=\":15n\" class=\"hq gt a10\" style=\"text-align: justify;\">\n<div id=\":15q\"><\/div>\n<div id=\":15p\" class=\"aQH\">\n<div class=\"aZK\"><\/div>\n<\/div>\n<\/div>\n<div class=\"hi\" style=\"text-align: justify;\"><\/div>\n<\/div>\n<\/div>\n","protected":false},"excerpt":{"rendered":"<p>Homs, SANA Tres plantas de gas y una refiner\u00eda de petr\u00f3leo fueron blancos de ataques terroristas que provocaron da\u00f1os materiales. El Ministro de Petr\u00f3leo y Recursos Minerales, Ali Ghanem, declar\u00f3 a SANA que los terroristas y sus patrocinadores volvieron a atacar el sector de hidrocarburo y sus instalaciones. Esta madrugada, hubo ataques terroristas contra las &hellip;<\/p>\n","protected":false},"author":32,"featured_media":129404,"comment_status":"closed","ping_status":"closed","sticky":false,"template":"","format":"standard","meta":{"footnotes":""},"categories":[447,597,476,7541],"tags":[17454],"class_list":["post-129395","post","type-post","status-publish","format-standard","has-post-thumbnail","","category-local-politica","category-cinta-de-noticias","category-locales","category-ultimas-noticias","tag-ataques-terroristas-contra-cuatro-instalaciones-petroleras-y-de-gas-en-la-provincia-de-homs"],"_links":{"self":[{"href":"https:\/\/archive.sana.sy\/es\/index.php?rest_route=\/wp\/v2\/posts\/129395"}],"collection":[{"href":"https:\/\/archive.sana.sy\/es\/index.php?rest_route=\/wp\/v2\/posts"}],"about":[{"href":"https:\/\/archive.sana.sy\/es\/index.php?rest_route=\/wp\/v2\/types\/post"}],"author":[{"embeddable":true,"href":"https:\/\/archive.sana.sy\/es\/index.php?rest_route=\/wp\/v2\/users\/32"}],"replies":[{"embeddable":true,"href":"https:\/\/archive.sana.sy\/es\/index.php?rest_route=%2Fwp%2Fv2%2Fcomments&post=129395"}],"version-history":[{"count":0,"href":"https:\/\/archive.sana.sy\/es\/index.php?rest_route=\/wp\/v2\/posts\/129395\/revisions"}],"wp:featuredmedia":[{"embeddable":true,"href":"https:\/\/archive.sana.sy\/es\/index.php?rest_route=\/wp\/v2\/media\/129404"}],"wp:attachment":[{"href":"https:\/\/archive.sana.sy\/es\/index.php?rest_route=%2Fwp%2Fv2%2Fmedia&parent=129395"}],"wp:term":[{"taxonomy":"category","embeddable":true,"href":"https:\/\/archive.sana.sy\/es\/index.php?rest_route=%2Fwp%2Fv2%2Fcategories&post=129395"},{"taxonomy":"post_tag","embeddable":true,"href":"https:\/\/archive.sana.sy\/es\/index.php?rest_route=%2Fwp%2Fv2%2Ftags&post=129395"}],"curies":[{"name":"wp","href":"https:\/\/api.w.org\/{rel}","templated":true}]}}