{"id":129686,"date":"2020-02-06T10:26:13","date_gmt":"2020-02-06T08:26:13","guid":{"rendered":"http:\/\/sana.sy\/es\/?p=129686"},"modified":"2020-02-06T10:26:13","modified_gmt":"2020-02-06T08:26:13","slug":"el-comunicado-asegura-que-las-fuerzas-armadas-seguiran-cumpliendo-su-deber-de-defender-la-seguridad-de-la-patria-y-los-ciudadanos-y-estan-en-plena-disposicion-de-responder-a-cualquier-agresion-sea-lo","status":"publish","type":"post","link":"https:\/\/archive.sana.sy\/es\/?p=129686","title":{"rendered":"El comunicado asegura que las Fuerzas Armadas seguir\u00e1n cumpliendo su deber de defender la seguridad de la patria y los ciudadanos, y est\u00e1n en plena disposici\u00f3n de responder a cualquier agresi\u00f3n sea lo que sea su forma"},"content":{"rendered":"","protected":false},"excerpt":{"rendered":"","protected":false},"author":32,"featured_media":0,"comment_status":"closed","ping_status":"closed","sticky":false,"template":"","format":"standard","meta":{"footnotes":""},"categories":[596],"tags":[],"class_list":["post-129686","post","type-post","status-publish","format-standard","","category-urgente"],"_links":{"self":[{"href":"https:\/\/archive.sana.sy\/es\/index.php?rest_route=\/wp\/v2\/posts\/129686"}],"collection":[{"href":"https:\/\/archive.sana.sy\/es\/index.php?rest_route=\/wp\/v2\/posts"}],"about":[{"href":"https:\/\/archive.sana.sy\/es\/index.php?rest_route=\/wp\/v2\/types\/post"}],"author":[{"embeddable":true,"href":"https:\/\/archive.sana.sy\/es\/index.php?rest_route=\/wp\/v2\/users\/32"}],"replies":[{"embeddable":true,"href":"https:\/\/archive.sana.sy\/es\/index.php?rest_route=%2Fwp%2Fv2%2Fcomments&post=129686"}],"version-history":[{"count":0,"href":"https:\/\/archive.sana.sy\/es\/index.php?rest_route=\/wp\/v2\/posts\/129686\/revisions"}],"wp:attachment":[{"href":"https:\/\/archive.sana.sy\/es\/index.php?rest_route=%2Fwp%2Fv2%2Fmedia&parent=129686"}],"wp:term":[{"taxonomy":"category","embeddable":true,"href":"https:\/\/archive.sana.sy\/es\/index.php?rest_route=%2Fwp%2Fv2%2Fcategories&post=129686"},{"taxonomy":"post_tag","embeddable":true,"href":"https:\/\/archive.sana.sy\/es\/index.php?rest_route=%2Fwp%2Fv2%2Ftags&post=129686"}],"curies":[{"name":"wp","href":"https:\/\/api.w.org\/{rel}","templated":true}]}}