{"id":129926,"date":"2020-02-09T13:44:31","date_gmt":"2020-02-09T11:44:31","guid":{"rendered":"http:\/\/sana.sy\/es\/?p=129926"},"modified":"2020-02-09T13:46:29","modified_gmt":"2020-02-09T11:46:29","slug":"ejercito-continua-sus-operativos-antiterroristas-en-los-campos-de-idleb-y-alepo","status":"publish","type":"post","link":"https:\/\/archive.sana.sy\/es\/?p=129926","title":{"rendered":"Reencuentro entre las tropas que avanzan por los frentes de Alepo e Idleb"},"content":{"rendered":"<p style=\"text-align: justify;\"><span style=\"color: #800000;\">Idleb-Alepo, SANA<\/span><\/p>\n<p style=\"text-align: justify;\">Las unidades del ej\u00e9rcito \u00e1rabe sirio que avanzaban desde el sudoeste de la provincia de Alepo se reencontraron triunfalmente con las unidades que avanzaban por el este de Idleb, en la loma al-Eis.<\/p>\n<p style=\"text-align: justify;\">\u201cEl ej\u00e9rcito continu\u00f3 sus avances y liber\u00f3 los poblados de Kosnia, Tel Bayer, Rasm Sahriy, Banss, Rasm Eis, Sheikh Ahmad, Abu Kanseh, Yub Kass, Um Utbah hasta llegar al poblado de al-Eis y su colina hom\u00f3nima, donde las tropas en ofensiva por dos ejes se reencontraron procedentes del este de Idleb y sudoeste de Alepo\u201d, report\u00f3 el corresponsal de SANA.<\/p>\n<p style=\"text-align: justify;\">Este avance arrollador se ha logrado gracias a demoledores golpes con misiles contra contingentes de las organizaciones hostiles.<\/p>\n<p style=\"text-align: justify;\">El periodista se\u00f1al\u00f3 que las organizaciones armadas intentaron enviar refuerzos por los frentes de Taftanaz y Sermin al noreste y este de la ciudad de Idleb pero las unidades del ej\u00e9rcito frustraron la tentativa mediante golpes artilleros y con misiles.<\/p>\n<p style=\"text-align: justify;\"><span style=\"color: #0000ff;\">R.SH\/R.R\/F.M<\/span><\/p>\n<div id='gallery-1' class='gallery galleryid-129926 gallery-columns-1 gallery-size-large'><figure class='gallery-item'>\n\t\t\t<div class='gallery-icon landscape'>\n\t\t\t\t<a href='https:\/\/archive.sana.sy\/es\/wp-content\/uploads\/2020\/02\/3-78.jpg'><img loading=\"lazy\" decoding=\"async\" width=\"618\" height=\"412\" src=\"https:\/\/archive.sana.sy\/es\/wp-content\/uploads\/2020\/02\/3-78-1024x682.jpg\" class=\"attachment-large size-large\" alt=\"\" srcset=\"https:\/\/archive.sana.sy\/es\/wp-content\/uploads\/2020\/02\/3-78-1024x682.jpg 1024w, https:\/\/archive.sana.sy\/es\/wp-content\/uploads\/2020\/02\/3-78-300x200.jpg 300w, https:\/\/archive.sana.sy\/es\/wp-content\/uploads\/2020\/02\/3-78-150x100.jpg 150w, https:\/\/archive.sana.sy\/es\/wp-content\/uploads\/2020\/02\/3-78-768x511.jpg 768w, https:\/\/archive.sana.sy\/es\/wp-content\/uploads\/2020\/02\/3-78.jpg 1280w\" sizes=\"(max-width: 618px) 100vw, 618px\" \/><\/a>\n\t\t\t<\/div><\/figure><figure class='gallery-item'>\n\t\t\t<div class='gallery-icon landscape'>\n\t\t\t\t<a href='https:\/\/archive.sana.sy\/es\/wp-content\/uploads\/2020\/02\/2-91.jpg'><img loading=\"lazy\" decoding=\"async\" width=\"618\" height=\"412\" src=\"https:\/\/archive.sana.sy\/es\/wp-content\/uploads\/2020\/02\/2-91-1024x682.jpg\" class=\"attachment-large size-large\" alt=\"\" srcset=\"https:\/\/archive.sana.sy\/es\/wp-content\/uploads\/2020\/02\/2-91-1024x682.jpg 1024w, https:\/\/archive.sana.sy\/es\/wp-content\/uploads\/2020\/02\/2-91-300x200.jpg 300w, https:\/\/archive.sana.sy\/es\/wp-content\/uploads\/2020\/02\/2-91-150x100.jpg 150w, https:\/\/archive.sana.sy\/es\/wp-content\/uploads\/2020\/02\/2-91-768x511.jpg 768w, https:\/\/archive.sana.sy\/es\/wp-content\/uploads\/2020\/02\/2-91.jpg 1280w\" sizes=\"(max-width: 618px) 100vw, 618px\" \/><\/a>\n\t\t\t<\/div><\/figure><figure class='gallery-item'>\n\t\t\t<div class='gallery-icon landscape'>\n\t\t\t\t<a href='https:\/\/archive.sana.sy\/es\/wp-content\/uploads\/2020\/02\/3-78-1.jpg'><img loading=\"lazy\" decoding=\"async\" width=\"618\" height=\"412\" src=\"https:\/\/archive.sana.sy\/es\/wp-content\/uploads\/2020\/02\/3-78-1-1024x682.jpg\" class=\"attachment-large size-large\" alt=\"\" srcset=\"https:\/\/archive.sana.sy\/es\/wp-content\/uploads\/2020\/02\/3-78-1-1024x682.jpg 1024w, https:\/\/archive.sana.sy\/es\/wp-content\/uploads\/2020\/02\/3-78-1-300x200.jpg 300w, https:\/\/archive.sana.sy\/es\/wp-content\/uploads\/2020\/02\/3-78-1-150x100.jpg 150w, https:\/\/archive.sana.sy\/es\/wp-content\/uploads\/2020\/02\/3-78-1-768x511.jpg 768w, https:\/\/archive.sana.sy\/es\/wp-content\/uploads\/2020\/02\/3-78-1.jpg 1280w\" sizes=\"(max-width: 618px) 100vw, 618px\" \/><\/a>\n\t\t\t<\/div><\/figure><figure class='gallery-item'>\n\t\t\t<div class='gallery-icon landscape'>\n\t\t\t\t<a href='https:\/\/archive.sana.sy\/es\/wp-content\/uploads\/2020\/02\/6-59.jpg'><img loading=\"lazy\" decoding=\"async\" width=\"618\" height=\"412\" src=\"https:\/\/archive.sana.sy\/es\/wp-content\/uploads\/2020\/02\/6-59-1024x682.jpg\" class=\"attachment-large size-large\" alt=\"\" srcset=\"https:\/\/archive.sana.sy\/es\/wp-content\/uploads\/2020\/02\/6-59-1024x682.jpg 1024w, https:\/\/archive.sana.sy\/es\/wp-content\/uploads\/2020\/02\/6-59-300x200.jpg 300w, https:\/\/archive.sana.sy\/es\/wp-content\/uploads\/2020\/02\/6-59-150x100.jpg 150w, https:\/\/archive.sana.sy\/es\/wp-content\/uploads\/2020\/02\/6-59-768x511.jpg 768w, https:\/\/archive.sana.sy\/es\/wp-content\/uploads\/2020\/02\/6-59.jpg 1280w\" sizes=\"(max-width: 618px) 100vw, 618px\" \/><\/a>\n\t\t\t<\/div><\/figure>\n\t\t<\/div>\n\n","protected":false},"excerpt":{"rendered":"<p>Idleb-Alepo, SANA Las unidades del ej\u00e9rcito \u00e1rabe sirio que avanzaban desde el sudoeste de la provincia de Alepo se reencontraron triunfalmente con las unidades que avanzaban por el este de Idleb, en la loma al-Eis. \u201cEl ej\u00e9rcito continu\u00f3 sus avances y liber\u00f3 los poblados de Kosnia, Tel Bayer, Rasm Sahriy, Banss, Rasm Eis, Sheikh Ahmad, &hellip;<\/p>\n","protected":false},"author":31,"featured_media":129974,"comment_status":"closed","ping_status":"closed","sticky":false,"template":"","format":"standard","meta":{"footnotes":""},"categories":[597,573,7541],"tags":[],"class_list":["post-129926","post","type-post","status-publish","format-standard","has-post-thumbnail","","category-cinta-de-noticias","category-la-realidad-de-los-acontecimientos-en-siria","category-ultimas-noticias"],"_links":{"self":[{"href":"https:\/\/archive.sana.sy\/es\/index.php?rest_route=\/wp\/v2\/posts\/129926"}],"collection":[{"href":"https:\/\/archive.sana.sy\/es\/index.php?rest_route=\/wp\/v2\/posts"}],"about":[{"href":"https:\/\/archive.sana.sy\/es\/index.php?rest_route=\/wp\/v2\/types\/post"}],"author":[{"embeddable":true,"href":"https:\/\/archive.sana.sy\/es\/index.php?rest_route=\/wp\/v2\/users\/31"}],"replies":[{"embeddable":true,"href":"https:\/\/archive.sana.sy\/es\/index.php?rest_route=%2Fwp%2Fv2%2Fcomments&post=129926"}],"version-history":[{"count":0,"href":"https:\/\/archive.sana.sy\/es\/index.php?rest_route=\/wp\/v2\/posts\/129926\/revisions"}],"wp:featuredmedia":[{"embeddable":true,"href":"https:\/\/archive.sana.sy\/es\/index.php?rest_route=\/wp\/v2\/media\/129974"}],"wp:attachment":[{"href":"https:\/\/archive.sana.sy\/es\/index.php?rest_route=%2Fwp%2Fv2%2Fmedia&parent=129926"}],"wp:term":[{"taxonomy":"category","embeddable":true,"href":"https:\/\/archive.sana.sy\/es\/index.php?rest_route=%2Fwp%2Fv2%2Fcategories&post=129926"},{"taxonomy":"post_tag","embeddable":true,"href":"https:\/\/archive.sana.sy\/es\/index.php?rest_route=%2Fwp%2Fv2%2Ftags&post=129926"}],"curies":[{"name":"wp","href":"https:\/\/api.w.org\/{rel}","templated":true}]}}