{"id":129964,"date":"2020-02-09T13:43:40","date_gmt":"2020-02-09T11:43:40","guid":{"rendered":"http:\/\/sana.sy\/es\/?p=129964"},"modified":"2020-02-09T13:47:40","modified_gmt":"2020-02-09T11:47:40","slug":"sana-acompana-al-ejercito-en-la-recien-liberada-ciudad-de-saraqueb","status":"publish","type":"post","link":"https:\/\/archive.sana.sy\/es\/?p=129964","title":{"rendered":"C\u00e1mara de SANA recorre la reci\u00e9n liberada ciudad de Saraqueb. (fotos)"},"content":{"rendered":"<p style=\"text-align: justify;\"><strong><span style=\"color: #800000;\">Idleb, SANA<\/span><\/strong><\/p>\n<p style=\"text-align: justify;\">La c\u00e1mara de SANA recorri\u00f3 la ciudad reci\u00e9n liberada ciudad de Saraqueb, donde las unidades del Ej\u00e9rcito encontraron dep\u00f3sitos de municiones, un hospital de campa\u00f1a y sedes fortificadas.<\/p>\n<p style=\"text-align: justify;\">SANA capt\u00f3 im\u00e1genes de los logotipos del Frente al-Nousra que figura en la lista de Naciones Unidas de organizaciones terroristas.<\/p>\n<p style=\"text-align: justify;\">Las unidades del ej\u00e9rcito liberaron a Saraqueb el jueves \u00faltimo y comenzaron el s\u00e1bado a desactivar las cargas explosivas y las minas colocadas por los terroristas ahora derrotados.<\/p>\n<p style=\"text-align: justify;\"><span style=\"color: #0000ff;\">R.R\/R.SH\/F.M<\/span><\/p>\n<p style=\"text-align: justify;\"><img decoding=\"async\" src=\"http:\/\/sana.sy\/wp-content\/uploads\/2020\/02\/0-57.jpg\" \/><\/p>\n<p style=\"text-align: justify;\"><img decoding=\"async\" src=\"https:\/\/www.sana.sy\/wp-content\/uploads\/2020\/02\/4-73.jpg\" \/><\/p>\n<p style=\"text-align: justify;\"><img decoding=\"async\" src=\"https:\/\/www.sana.sy\/wp-content\/uploads\/2020\/02\/8-35.jpg\" \/><\/p>\n<p style=\"text-align: justify;\"><img decoding=\"async\" src=\"https:\/\/www.sana.sy\/wp-content\/uploads\/2020\/02\/7-44.jpg\" \/><\/p>\n<p style=\"text-align: justify;\"><img decoding=\"async\" src=\"https:\/\/www.sana.sy\/wp-content\/uploads\/2020\/02\/5-63.jpg\" \/><\/p>\n<p style=\"text-align: justify;\"><img decoding=\"async\" src=\"https:\/\/www.sana.sy\/wp-content\/uploads\/2020\/02\/3-76.jpg\" \/><\/p>\n<p style=\"text-align: justify;\"><img decoding=\"async\" src=\"https:\/\/www.sana.sy\/wp-content\/uploads\/2020\/02\/2-89.jpg\" \/><\/p>\n<p style=\"text-align: justify;\"><img decoding=\"async\" src=\"https:\/\/www.sana.sy\/wp-content\/uploads\/2020\/02\/7-42.jpg\" \/><\/p>\n<p style=\"text-align: justify;\"><img decoding=\"async\" src=\"https:\/\/www.sana.sy\/wp-content\/uploads\/2020\/02\/11-45.jpg\" \/><\/p>\n<p style=\"text-align: justify;\"><img decoding=\"async\" src=\"https:\/\/www.sana.sy\/wp-content\/uploads\/2020\/02\/1-112.jpg\" \/><\/p>\n<p style=\"text-align: justify;\"><img decoding=\"async\" src=\"https:\/\/www.sana.sy\/wp-content\/uploads\/2020\/02\/3-72.jpg\" \/><\/p>\n<p style=\"text-align: justify;\"><img decoding=\"async\" src=\"https:\/\/www.sana.sy\/wp-content\/uploads\/2020\/02\/6-56.jpg\" \/><\/p>\n","protected":false},"excerpt":{"rendered":"<p>Idleb, SANA La c\u00e1mara de SANA recorri\u00f3 la ciudad reci\u00e9n liberada ciudad de Saraqueb, donde las unidades del Ej\u00e9rcito encontraron dep\u00f3sitos de municiones, un hospital de campa\u00f1a y sedes fortificadas. SANA capt\u00f3 im\u00e1genes de los logotipos del Frente al-Nousra que figura en la lista de Naciones Unidas de organizaciones terroristas. Las unidades del ej\u00e9rcito liberaron &hellip;<\/p>\n","protected":false},"author":31,"featured_media":129965,"comment_status":"closed","ping_status":"closed","sticky":false,"template":"","format":"standard","meta":{"footnotes":""},"categories":[597,573,7541],"tags":[],"class_list":["post-129964","post","type-post","status-publish","format-standard","has-post-thumbnail","","category-cinta-de-noticias","category-la-realidad-de-los-acontecimientos-en-siria","category-ultimas-noticias"],"_links":{"self":[{"href":"https:\/\/archive.sana.sy\/es\/index.php?rest_route=\/wp\/v2\/posts\/129964"}],"collection":[{"href":"https:\/\/archive.sana.sy\/es\/index.php?rest_route=\/wp\/v2\/posts"}],"about":[{"href":"https:\/\/archive.sana.sy\/es\/index.php?rest_route=\/wp\/v2\/types\/post"}],"author":[{"embeddable":true,"href":"https:\/\/archive.sana.sy\/es\/index.php?rest_route=\/wp\/v2\/users\/31"}],"replies":[{"embeddable":true,"href":"https:\/\/archive.sana.sy\/es\/index.php?rest_route=%2Fwp%2Fv2%2Fcomments&post=129964"}],"version-history":[{"count":0,"href":"https:\/\/archive.sana.sy\/es\/index.php?rest_route=\/wp\/v2\/posts\/129964\/revisions"}],"wp:featuredmedia":[{"embeddable":true,"href":"https:\/\/archive.sana.sy\/es\/index.php?rest_route=\/wp\/v2\/media\/129965"}],"wp:attachment":[{"href":"https:\/\/archive.sana.sy\/es\/index.php?rest_route=%2Fwp%2Fv2%2Fmedia&parent=129964"}],"wp:term":[{"taxonomy":"category","embeddable":true,"href":"https:\/\/archive.sana.sy\/es\/index.php?rest_route=%2Fwp%2Fv2%2Fcategories&post=129964"},{"taxonomy":"post_tag","embeddable":true,"href":"https:\/\/archive.sana.sy\/es\/index.php?rest_route=%2Fwp%2Fv2%2Ftags&post=129964"}],"curies":[{"name":"wp","href":"https:\/\/api.w.org\/{rel}","templated":true}]}}