{"id":129996,"date":"2020-02-09T12:59:44","date_gmt":"2020-02-09T10:59:44","guid":{"rendered":"http:\/\/sana.sy\/es\/?p=129996"},"modified":"2020-02-09T12:59:44","modified_gmt":"2020-02-09T10:59:44","slug":"nevadas-y-temperaturas-muy-frias-en-toda-siria","status":"publish","type":"post","link":"https:\/\/archive.sana.sy\/es\/?p=129996","title":{"rendered":"Nevadas y temperaturas muy fr\u00edas en toda Siria"},"content":{"rendered":"<div>\n<p style=\"text-align: justify;\"><span style=\"color: #800000;\"><strong>Provincias, SANA<\/strong><\/span><\/p>\n<p style=\"text-align: justify;\">Una baja presi\u00f3n acompa\u00f1ada por una masa de aire polar muy fr\u00eda afecta a todas las provincias del pa\u00eds.<\/p>\n<p style=\"text-align: justify;\">Se registran temperaturas de 6 a 9 grados por debajo de sus promedios anuales, y la nieve caer\u00e1 sobre diferentes zonas del pa\u00eds.<\/p>\n<p style=\"text-align: justify;\">El Departamento de Meteorolog\u00eda pronostic\u00f3 temperaturas m\u00ednimas de hasta seis grados bajo cero en diferentes provincias y advirti\u00f3 de la formaci\u00f3n de heladas.<\/p>\n<p style=\"text-align: justify;\">En los \u00faltimos dos d\u00edas, las localidades por encima de 800 metros de altura se cubrieron de nieve.<\/p>\n<p style=\"text-align: justify;\"><span style=\"color: #0000ff;\"><strong>F.M\/ E.D<\/strong><\/span><\/p>\n<\/div>\n<p style=\"text-align: justify;\">\n","protected":false},"excerpt":{"rendered":"<p>Provincias, SANA Una baja presi\u00f3n acompa\u00f1ada por una masa de aire polar muy fr\u00eda afecta a todas las provincias del pa\u00eds. Se registran temperaturas de 6 a 9 grados por debajo de sus promedios anuales, y la nieve caer\u00e1 sobre diferentes zonas del pa\u00eds. El Departamento de Meteorolog\u00eda pronostic\u00f3 temperaturas m\u00ednimas de hasta seis grados &hellip;<\/p>\n","protected":false},"author":32,"featured_media":129997,"comment_status":"closed","ping_status":"closed","sticky":false,"template":"","format":"standard","meta":{"footnotes":""},"categories":[477,597,476,7541],"tags":[17487],"class_list":["post-129996","post","type-post","status-publish","format-standard","has-post-thumbnail","","category-noticias-edulcorantes","category-cinta-de-noticias","category-locales","category-ultimas-noticias","tag-nevadas-y-temperaturas-muy-frias-en-toda-siria"],"_links":{"self":[{"href":"https:\/\/archive.sana.sy\/es\/index.php?rest_route=\/wp\/v2\/posts\/129996"}],"collection":[{"href":"https:\/\/archive.sana.sy\/es\/index.php?rest_route=\/wp\/v2\/posts"}],"about":[{"href":"https:\/\/archive.sana.sy\/es\/index.php?rest_route=\/wp\/v2\/types\/post"}],"author":[{"embeddable":true,"href":"https:\/\/archive.sana.sy\/es\/index.php?rest_route=\/wp\/v2\/users\/32"}],"replies":[{"embeddable":true,"href":"https:\/\/archive.sana.sy\/es\/index.php?rest_route=%2Fwp%2Fv2%2Fcomments&post=129996"}],"version-history":[{"count":0,"href":"https:\/\/archive.sana.sy\/es\/index.php?rest_route=\/wp\/v2\/posts\/129996\/revisions"}],"wp:featuredmedia":[{"embeddable":true,"href":"https:\/\/archive.sana.sy\/es\/index.php?rest_route=\/wp\/v2\/media\/129997"}],"wp:attachment":[{"href":"https:\/\/archive.sana.sy\/es\/index.php?rest_route=%2Fwp%2Fv2%2Fmedia&parent=129996"}],"wp:term":[{"taxonomy":"category","embeddable":true,"href":"https:\/\/archive.sana.sy\/es\/index.php?rest_route=%2Fwp%2Fv2%2Fcategories&post=129996"},{"taxonomy":"post_tag","embeddable":true,"href":"https:\/\/archive.sana.sy\/es\/index.php?rest_route=%2Fwp%2Fv2%2Ftags&post=129996"}],"curies":[{"name":"wp","href":"https:\/\/api.w.org\/{rel}","templated":true}]}}