{"id":130003,"date":"2020-02-09T13:14:28","date_gmt":"2020-02-09T11:14:28","guid":{"rendered":"http:\/\/sana.sy\/es\/?p=130003"},"modified":"2020-02-09T13:38:20","modified_gmt":"2020-02-09T11:38:20","slug":"ejercito-libero-del-terrorismo-a-mas-de-600-kilometros-cuadrados-en-idleb-y-alepo","status":"publish","type":"post","link":"https:\/\/archive.sana.sy\/es\/?p=130003","title":{"rendered":"Ej\u00e9rcito liber\u00f3 del terrorismo a m\u00e1s de 600 kil\u00f3metros cuadrados en Idleb y Alepo"},"content":{"rendered":"<div>\n<p style=\"text-align: justify;\"><strong><span style=\"color: #800000;\">Damasco, SANA<\/span><\/strong><\/p>\n<div dir=\"ltr\" style=\"text-align: justify;\">\n<div>\n<p>El Comando General del Ej\u00e9rcito y las Fuerzas Armadas anunci\u00f3 hoy que las tropas sirias liberaron del terrorismo a una zona geogr\u00e1fica de m\u00e1s de 600 km cuadrados en las provincias de Idleb y Alepo.<\/p>\n<p>&#8220;En Idleb y Alepo, las unidades militares contin\u00faan sus avances contra las agrupaciones terroristas que escalaron sus ataques contra los civiles indefensos y los siguen utilizando como escudos humanos&#8221;, acot\u00f3 una declaraci\u00f3n de la Comandancia del Ej\u00e9rcito \u00c1rabe Sirio.<\/p>\n<p>Agreg\u00f3 que las fuerzas armadas lograron significativos avances y las tropas que avanzaban desde este de Idleb se reencontraron con los militares que avanzaban del sur de Alepo.<\/p>\n<p>La declaraci\u00f3n inform\u00f3 que los militares recuperaron el control de un \u00e1rea geogr\u00e1fica de m\u00e1s de 600 kil\u00f3metros cuadrados y expulsaron a los terroristas de docenas de ciudades, poblados\u00a0\u00a0y colinas dominantes&#8221;.<\/p>\n<p>Entre las localidad liberadas est\u00e1n Khan Al-Subol, Kaferbatikh, Jubas, Al-Nairab, Tel Mardikh, Kafer Ameem, Ephes, Saraqueb, Maharim, Universidad de Ebla, Rasm al-Eis, Tal Tukan, Khulsa, Al Qarasi, Zaitan, entre otras.<\/p>\n<p>La declaraci\u00f3n reafirm\u00f3 que el ej\u00e9rcito continuar\u00e1 el desempe\u00f1o de su deber nacional de defender la soberan\u00eda de la patria y la dignidad de los ciudadanos y liberarlos de las organizaciones terroristas armadas.<\/p>\n<p>Concluy\u00f3 con ratificar que los intentos de los pa\u00edses patrocinadores del terrorismo no tendr\u00e1n \u00e9xito en limitar el colapso creciente en las filas de las organizaciones terroristas, y el ej\u00e9rcito seguir\u00e1 cumpliendo sus deberes sagrados hasta limpiar toda la geograf\u00eda siria del terrorismo y sus partidarios.<\/p>\n<\/div>\n<\/div>\n<p style=\"text-align: justify;\"><strong><span style=\"color: #0000ff;\">F.M\/W.S<\/span><\/strong><\/p>\n<\/div>\n","protected":false},"excerpt":{"rendered":"<p>Damasco, SANA El Comando General del Ej\u00e9rcito y las Fuerzas Armadas anunci\u00f3 hoy que las tropas sirias liberaron del terrorismo a una zona geogr\u00e1fica de m\u00e1s de 600 km cuadrados en las provincias de Idleb y Alepo. &#8220;En Idleb y Alepo, las unidades militares contin\u00faan sus avances contra las agrupaciones terroristas que escalaron sus ataques &hellip;<\/p>\n","protected":false},"author":35,"featured_media":130004,"comment_status":"closed","ping_status":"closed","sticky":false,"template":"","format":"standard","meta":{"footnotes":""},"categories":[597,573,476,583],"tags":[],"class_list":["post-130003","post","type-post","status-publish","format-standard","has-post-thumbnail","","category-cinta-de-noticias","category-la-realidad-de-los-acontecimientos-en-siria","category-locales","category-slide"],"_links":{"self":[{"href":"https:\/\/archive.sana.sy\/es\/index.php?rest_route=\/wp\/v2\/posts\/130003"}],"collection":[{"href":"https:\/\/archive.sana.sy\/es\/index.php?rest_route=\/wp\/v2\/posts"}],"about":[{"href":"https:\/\/archive.sana.sy\/es\/index.php?rest_route=\/wp\/v2\/types\/post"}],"author":[{"embeddable":true,"href":"https:\/\/archive.sana.sy\/es\/index.php?rest_route=\/wp\/v2\/users\/35"}],"replies":[{"embeddable":true,"href":"https:\/\/archive.sana.sy\/es\/index.php?rest_route=%2Fwp%2Fv2%2Fcomments&post=130003"}],"version-history":[{"count":0,"href":"https:\/\/archive.sana.sy\/es\/index.php?rest_route=\/wp\/v2\/posts\/130003\/revisions"}],"wp:featuredmedia":[{"embeddable":true,"href":"https:\/\/archive.sana.sy\/es\/index.php?rest_route=\/wp\/v2\/media\/130004"}],"wp:attachment":[{"href":"https:\/\/archive.sana.sy\/es\/index.php?rest_route=%2Fwp%2Fv2%2Fmedia&parent=130003"}],"wp:term":[{"taxonomy":"category","embeddable":true,"href":"https:\/\/archive.sana.sy\/es\/index.php?rest_route=%2Fwp%2Fv2%2Fcategories&post=130003"},{"taxonomy":"post_tag","embeddable":true,"href":"https:\/\/archive.sana.sy\/es\/index.php?rest_route=%2Fwp%2Fv2%2Ftags&post=130003"}],"curies":[{"name":"wp","href":"https:\/\/api.w.org\/{rel}","templated":true}]}}