{"id":130006,"date":"2020-02-09T13:23:51","date_gmt":"2020-02-09T11:23:51","guid":{"rendered":"http:\/\/sana.sy\/es\/?p=130006"},"modified":"2020-02-09T13:23:51","modified_gmt":"2020-02-09T11:23:51","slug":"el-comando-general-del-ejercito-y-las-fuerzas-armadas-el-ejercito-continuara-el-desempeno-de-su-deber-nacional-de-defender-la-soberania-de-la-patria-y-la-dignidad-de-los-ciudadanos-y-liberarlos-de-la","status":"publish","type":"post","link":"https:\/\/archive.sana.sy\/es\/?p=130006","title":{"rendered":"El Comando General del Ej\u00e9rcito y las Fuerzas Armadas: el ej\u00e9rcito continuar\u00e1 el desempe\u00f1o de su deber nacional de defender la soberan\u00eda de la patria y la dignidad de los ciudadanos y liberarlos de las organizaciones terroristas armadas."},"content":{"rendered":"","protected":false},"excerpt":{"rendered":"","protected":false},"author":32,"featured_media":0,"comment_status":"closed","ping_status":"closed","sticky":false,"template":"","format":"standard","meta":{"footnotes":""},"categories":[596],"tags":[],"class_list":["post-130006","post","type-post","status-publish","format-standard","","category-urgente"],"_links":{"self":[{"href":"https:\/\/archive.sana.sy\/es\/index.php?rest_route=\/wp\/v2\/posts\/130006"}],"collection":[{"href":"https:\/\/archive.sana.sy\/es\/index.php?rest_route=\/wp\/v2\/posts"}],"about":[{"href":"https:\/\/archive.sana.sy\/es\/index.php?rest_route=\/wp\/v2\/types\/post"}],"author":[{"embeddable":true,"href":"https:\/\/archive.sana.sy\/es\/index.php?rest_route=\/wp\/v2\/users\/32"}],"replies":[{"embeddable":true,"href":"https:\/\/archive.sana.sy\/es\/index.php?rest_route=%2Fwp%2Fv2%2Fcomments&post=130006"}],"version-history":[{"count":0,"href":"https:\/\/archive.sana.sy\/es\/index.php?rest_route=\/wp\/v2\/posts\/130006\/revisions"}],"wp:attachment":[{"href":"https:\/\/archive.sana.sy\/es\/index.php?rest_route=%2Fwp%2Fv2%2Fmedia&parent=130006"}],"wp:term":[{"taxonomy":"category","embeddable":true,"href":"https:\/\/archive.sana.sy\/es\/index.php?rest_route=%2Fwp%2Fv2%2Fcategories&post=130006"},{"taxonomy":"post_tag","embeddable":true,"href":"https:\/\/archive.sana.sy\/es\/index.php?rest_route=%2Fwp%2Fv2%2Ftags&post=130006"}],"curies":[{"name":"wp","href":"https:\/\/api.w.org\/{rel}","templated":true}]}}