{"id":130012,"date":"2020-02-09T12:57:50","date_gmt":"2020-02-09T10:57:50","guid":{"rendered":"http:\/\/sana.sy\/es\/?p=130012"},"modified":"2023-01-12T14:44:47","modified_gmt":"2023-01-12T12:44:47","slug":"mueren-dos-soldados-estadounidenses-en-ataque-en-el-este-de-afganistan","status":"publish","type":"post","link":"https:\/\/archive.sana.sy\/es\/?p=130012","title":{"rendered":"Mueren dos soldados estadounidenses en ataque en el este de Afganist\u00e1n"},"content":{"rendered":"<p style=\"text-align: justify;\"><span style=\"color: #800000;\"><strong>Kabul, SANA<\/strong><\/span><\/p>\n<p style=\"text-align: justify;\">Dos soldados estadounidenses murieron y otros seis resultaron heridos en un ataque ejecutado por un soldado afgano al este de Afganist\u00e1n.<\/p>\n<p style=\"text-align: justify;\">&#8220;Un militar afgano abri\u00f3 fuego desde una ametralladora contra una fuerza conjunta estadounidense-afgana&#8221;, cit\u00f3 la agencia Reuters al vocero de las fuerzas de EE.UU en Afganist\u00e1n.<\/p>\n<p style=\"text-align: justify;\">Fuentes de seguridad afganas confirman que enfrentamientos tuvieron lugar entre fuerzas estadounidenses y otras afganas.<\/p>\n<p style=\"text-align: justify;\">El 2019 fue el m\u00e1s sangriento para las fuerzas estadounidenses en Afganist\u00e1n desde el t\u00e9rmino oficial de sus operaciones de combate a finales de 2014.<\/p>\n<p style=\"text-align: justify;\"><strong><span style=\"color: #0000ff;\">E.D\/ F.M<\/span><\/strong><\/p>\n","protected":false},"excerpt":{"rendered":"<p>Kabul, SANA Dos soldados estadounidenses murieron y otros seis resultaron heridos en un ataque ejecutado por un soldado afgano al este de Afganist\u00e1n. &#8220;Un militar afgano abri\u00f3 fuego desde una ametralladora contra una fuerza conjunta estadounidense-afgana&#8221;, cit\u00f3 la agencia Reuters al vocero de las fuerzas de EE.UU en Afganist\u00e1n. Fuentes de seguridad afganas confirman que &hellip;<\/p>\n","protected":false},"author":32,"featured_media":130013,"comment_status":"closed","ping_status":"closed","sticky":false,"template":"","format":"standard","meta":{"footnotes":""},"categories":[597,456,7541],"tags":[17488],"class_list":["post-130012","post","type-post","status-publish","format-standard","has-post-thumbnail","","category-cinta-de-noticias","category-arabe-internacional-politica","category-ultimas-noticias","tag-mueren-dos-soldados-estadounidenses-en-ataque-en-el-este-de-afganistan"],"_links":{"self":[{"href":"https:\/\/archive.sana.sy\/es\/index.php?rest_route=\/wp\/v2\/posts\/130012"}],"collection":[{"href":"https:\/\/archive.sana.sy\/es\/index.php?rest_route=\/wp\/v2\/posts"}],"about":[{"href":"https:\/\/archive.sana.sy\/es\/index.php?rest_route=\/wp\/v2\/types\/post"}],"author":[{"embeddable":true,"href":"https:\/\/archive.sana.sy\/es\/index.php?rest_route=\/wp\/v2\/users\/32"}],"replies":[{"embeddable":true,"href":"https:\/\/archive.sana.sy\/es\/index.php?rest_route=%2Fwp%2Fv2%2Fcomments&post=130012"}],"version-history":[{"count":0,"href":"https:\/\/archive.sana.sy\/es\/index.php?rest_route=\/wp\/v2\/posts\/130012\/revisions"}],"wp:featuredmedia":[{"embeddable":true,"href":"https:\/\/archive.sana.sy\/es\/index.php?rest_route=\/wp\/v2\/media\/130013"}],"wp:attachment":[{"href":"https:\/\/archive.sana.sy\/es\/index.php?rest_route=%2Fwp%2Fv2%2Fmedia&parent=130012"}],"wp:term":[{"taxonomy":"category","embeddable":true,"href":"https:\/\/archive.sana.sy\/es\/index.php?rest_route=%2Fwp%2Fv2%2Fcategories&post=130012"},{"taxonomy":"post_tag","embeddable":true,"href":"https:\/\/archive.sana.sy\/es\/index.php?rest_route=%2Fwp%2Fv2%2Ftags&post=130012"}],"curies":[{"name":"wp","href":"https:\/\/api.w.org\/{rel}","templated":true}]}}