{"id":130092,"date":"2020-02-10T15:21:05","date_gmt":"2020-02-10T13:21:05","guid":{"rendered":"http:\/\/sana.sy\/es\/?p=130092"},"modified":"2023-01-10T15:15:22","modified_gmt":"2023-01-10T13:15:22","slug":"aprueba-el-gobierno-un-plan-para-restablecer-los-servicios-en-las-zonas-liberadas-del-terrorismo-en-alepo-e-idleb","status":"publish","type":"post","link":"https:\/\/archive.sana.sy\/es\/?p=130092","title":{"rendered":"Aprueba el gobierno un plan para restablecer los servicios en las zonas liberadas del terrorismo en Alepo e Idleb"},"content":{"rendered":"<p style=\"text-align: justify;\"><span style=\"color: #800000;\"><strong>Damasco, SANA<\/strong><\/span><\/p>\n<p style=\"text-align: justify;\">El Consejo de Ministros aprob\u00f3 un plan para restablecer gradualmente los servicios en las \u00e1reas liberadas recientemente por el ej\u00e9rcito \u00e1rabe sirio en las provincias de Alepo e Idleb, y garantizar condiciones para el retorno de los civiles a sus hogares.<\/p>\n<p style=\"text-align: justify;\">En su sesi\u00f3n semanal, el Gobierno pidi\u00f3 a los diferentes ministerios comenzar de inmediato las obras de remover los escombros y abrir las carreteras, as\u00ed como evaluar los da\u00f1os y comenzar a restablecer los servicios b\u00e1sicos de acuerdo con las prioridades y las necesidades de cada zonas.<\/p>\n<p style=\"text-align: justify;\">De igual manera, se aprob\u00f3 otorgar 9 mil 350 millones de libras (20 millones de USD) a las gobernaciones para completar la ejecuci\u00f3n de los proyectos de desarrollo y servicios.<\/p>\n<p style=\"text-align: justify;\">En la sesi\u00f3n, el Gabinete aprob\u00f3 tambi\u00e9n el programa ejecutivo del plan del Ministerio de Salud para 2020 el cual se centra en apoyar el sector de la salud con todos sus componentes y mejorar los servicios de salud preventivos y curativos, adem\u00e1s de asegurar las necesidades de medicamentos y equipos, y desarrollar los servicios en los \u00a0centros de salud.<\/p>\n<p style=\"text-align: justify;\"><strong><span style=\"color: #0000ff;\">F.M<\/span><\/strong><\/p>\n","protected":false},"excerpt":{"rendered":"<p>Damasco, SANA El Consejo de Ministros aprob\u00f3 un plan para restablecer gradualmente los servicios en las \u00e1reas liberadas recientemente por el ej\u00e9rcito \u00e1rabe sirio en las provincias de Alepo e Idleb, y garantizar condiciones para el retorno de los civiles a sus hogares. En su sesi\u00f3n semanal, el Gobierno pidi\u00f3 a los diferentes ministerios comenzar &hellip;<\/p>\n","protected":false},"author":34,"featured_media":130093,"comment_status":"closed","ping_status":"closed","sticky":false,"template":"","format":"standard","meta":{"footnotes":""},"categories":[447,597,16686,485,573,476],"tags":[],"class_list":["post-130092","post","type-post","status-publish","format-standard","has-post-thumbnail","","category-local-politica","category-cinta-de-noticias","category-economia","category-informes-negocios-y-finanzas","category-la-realidad-de-los-acontecimientos-en-siria","category-locales"],"_links":{"self":[{"href":"https:\/\/archive.sana.sy\/es\/index.php?rest_route=\/wp\/v2\/posts\/130092"}],"collection":[{"href":"https:\/\/archive.sana.sy\/es\/index.php?rest_route=\/wp\/v2\/posts"}],"about":[{"href":"https:\/\/archive.sana.sy\/es\/index.php?rest_route=\/wp\/v2\/types\/post"}],"author":[{"embeddable":true,"href":"https:\/\/archive.sana.sy\/es\/index.php?rest_route=\/wp\/v2\/users\/34"}],"replies":[{"embeddable":true,"href":"https:\/\/archive.sana.sy\/es\/index.php?rest_route=%2Fwp%2Fv2%2Fcomments&post=130092"}],"version-history":[{"count":0,"href":"https:\/\/archive.sana.sy\/es\/index.php?rest_route=\/wp\/v2\/posts\/130092\/revisions"}],"wp:featuredmedia":[{"embeddable":true,"href":"https:\/\/archive.sana.sy\/es\/index.php?rest_route=\/wp\/v2\/media\/130093"}],"wp:attachment":[{"href":"https:\/\/archive.sana.sy\/es\/index.php?rest_route=%2Fwp%2Fv2%2Fmedia&parent=130092"}],"wp:term":[{"taxonomy":"category","embeddable":true,"href":"https:\/\/archive.sana.sy\/es\/index.php?rest_route=%2Fwp%2Fv2%2Fcategories&post=130092"},{"taxonomy":"post_tag","embeddable":true,"href":"https:\/\/archive.sana.sy\/es\/index.php?rest_route=%2Fwp%2Fv2%2Ftags&post=130092"}],"curies":[{"name":"wp","href":"https:\/\/api.w.org\/{rel}","templated":true}]}}