{"id":130685,"date":"2020-02-13T06:51:01","date_gmt":"2020-02-13T04:51:01","guid":{"rendered":"http:\/\/sana.sy\/es\/?p=130685"},"modified":"2023-01-10T14:34:15","modified_gmt":"2023-01-10T12:34:15","slug":"comienza-hoy-27a-conferencia-general-de-la-federacion-general-de-sindicatos-de-trabajadores","status":"publish","type":"post","link":"https:\/\/archive.sana.sy\/es\/?p=130685","title":{"rendered":"Comienza hoy 27\u00aa Conferencia General de la Federaci\u00f3n General de Sindicatos de Trabajadores"},"content":{"rendered":"<p style=\"text-align: justify;\"><span style=\"color: #800000;\"><strong><span lang=\"ES-TRAD\">Damasco, SANA<\/span><\/strong><\/span><\/p>\n<p style=\"text-align: justify;\"><span lang=\"ES-TRAD\">Bajo el patrocinio del presidente Bashar al-Assad, comienza hoy jueves, la 27\u00aa Conferencia General de la Federaci\u00f3n General de Sindicatos de Trabajadores, con la participaci\u00f3n de delegaciones \u00e1rabes y extranjeras.<\/span><\/p>\n<p style=\"text-align: justify;\"><span lang=\"ES-TRAD\">479 delegados de las uniones de trabajadores de las diferentes provincias y de las entidades profesionales y sindicales asisten a la conferencia.<\/span><\/p>\n<p style=\"text-align: justify;\"><span lang=\"ES-TRAD\">A parte de debatir los informes relativos a la situaci\u00f3n interna de la Federaci\u00f3n, la conferencia dedicar\u00e1 una sesi\u00f3n de solidaridad con los trabajadores y el pueblo de Palestina ocupada ante el llamado &#8220;acuerdo del siglo&#8221; y tambi\u00e9n destacar\u00e1 la firmeza de los sirios en el Gol\u00e1n ocupado en ocasi\u00f3n del 38 aniversario del rechazo de la identidad israel\u00ed.<\/span><\/p>\n<p style=\"text-align: justify;\"><span style=\"color: #0000ff;\"><strong>F.M<\/strong><\/span><\/p>\n","protected":false},"excerpt":{"rendered":"<p>Damasco, SANA Bajo el patrocinio del presidente Bashar al-Assad, comienza hoy jueves, la 27\u00aa Conferencia General de la Federaci\u00f3n General de Sindicatos de Trabajadores, con la participaci\u00f3n de delegaciones \u00e1rabes y extranjeras. 479 delegados de las uniones de trabajadores de las diferentes provincias y de las entidades profesionales y sindicales asisten a la conferencia. A &hellip;<\/p>\n","protected":false},"author":34,"featured_media":130686,"comment_status":"closed","ping_status":"closed","sticky":false,"template":"","format":"standard","meta":{"footnotes":""},"categories":[447,597,476],"tags":[],"class_list":["post-130685","post","type-post","status-publish","format-standard","has-post-thumbnail","","category-local-politica","category-cinta-de-noticias","category-locales"],"_links":{"self":[{"href":"https:\/\/archive.sana.sy\/es\/index.php?rest_route=\/wp\/v2\/posts\/130685"}],"collection":[{"href":"https:\/\/archive.sana.sy\/es\/index.php?rest_route=\/wp\/v2\/posts"}],"about":[{"href":"https:\/\/archive.sana.sy\/es\/index.php?rest_route=\/wp\/v2\/types\/post"}],"author":[{"embeddable":true,"href":"https:\/\/archive.sana.sy\/es\/index.php?rest_route=\/wp\/v2\/users\/34"}],"replies":[{"embeddable":true,"href":"https:\/\/archive.sana.sy\/es\/index.php?rest_route=%2Fwp%2Fv2%2Fcomments&post=130685"}],"version-history":[{"count":0,"href":"https:\/\/archive.sana.sy\/es\/index.php?rest_route=\/wp\/v2\/posts\/130685\/revisions"}],"wp:featuredmedia":[{"embeddable":true,"href":"https:\/\/archive.sana.sy\/es\/index.php?rest_route=\/wp\/v2\/media\/130686"}],"wp:attachment":[{"href":"https:\/\/archive.sana.sy\/es\/index.php?rest_route=%2Fwp%2Fv2%2Fmedia&parent=130685"}],"wp:term":[{"taxonomy":"category","embeddable":true,"href":"https:\/\/archive.sana.sy\/es\/index.php?rest_route=%2Fwp%2Fv2%2Fcategories&post=130685"},{"taxonomy":"post_tag","embeddable":true,"href":"https:\/\/archive.sana.sy\/es\/index.php?rest_route=%2Fwp%2Fv2%2Ftags&post=130685"}],"curies":[{"name":"wp","href":"https:\/\/api.w.org\/{rel}","templated":true}]}}