{"id":130692,"date":"2020-02-13T11:02:20","date_gmt":"2020-02-13T09:02:20","guid":{"rendered":"http:\/\/sana.sy\/es\/?p=130692"},"modified":"2023-01-10T15:34:45","modified_gmt":"2023-01-10T13:34:45","slug":"boletin-informativo-jueves-13-de-febrero-del-2020","status":"publish","type":"post","link":"https:\/\/archive.sana.sy\/es\/?p=130692","title":{"rendered":"Bolet\u00edn Informativo Jueves, 13 de Febrero del 2020"},"content":{"rendered":"<p style=\"text-align: justify;\"><span style=\"color: #800000;\"><strong>Damasco, SANA<\/strong><\/span><\/p>\n<p style=\"text-align: justify;\"><strong>Les ofrecemos a continuaci\u00f3n, un resumen de las m\u00e1s destacadas noticias de Siria publicadas por nuestra agencia:<\/strong><\/p>\n<p style=\"text-align: justify;\">Para actualizarse m\u00e1s de Siria y ver videos, fotos y reportajes en espa\u00f1ol s\u00edguenos en nuestro sitio <a href=\"https:\/\/www.sana.sy\/es\/\"><strong>https:\/\/www.sana.sy\/es\/<\/strong><\/a>, nuestras p\u00e1ginas en Facebook \u00a0\u00a0<a href=\"https:\/\/www.facebook.com\/SANA.Noticias\/\"><strong>https:\/\/www.facebook.com\/SANA.Noticias\/<\/strong><\/a><\/p>\n<p style=\"text-align: justify;\">y en Twitter <a href=\"https:\/\/twitter.com\/SanaAgencia\"><strong>https:\/\/twitter.com\/SanaAgencia<\/strong><\/a><strong>.<\/strong><\/p>\n<p style=\"text-align: justify;\"><strong>Muere civil por disparos de las fuerzas de ocupaci\u00f3n de EE.UU y se desatan choques entre pobladores y soldados estadounidenses<\/strong><\/p>\n<p style=\"text-align: justify;\">Un civil perdi\u00f3 la vida hoy por disparos de las fuerzas de ocupaci\u00f3n de EE.UU, en la provincia de Hasakeh, 681 km al norte de la capital Damasco.<\/p>\n<p style=\"text-align: justify;\">Seg\u00fan report\u00f3 el corresponsal de SANA, las fuerzas ocupantes abrieron fuego contra los pobladores de las localidades de Kherbet Amo y Hamo que intentaron bloquear la carretera ante un convoy de veh\u00edculos estadounidenses cerca de un punto de control del ej\u00e9rcito \u00e1rabe sirio.<\/p>\n<p style=\"text-align: justify;\">\u201cCientos de civiles se reunieron para impedir el paso del convoy conformado por cuatro blindados\u201d, detall\u00f3 el corresponsal.<\/p>\n<p style=\"text-align: justify;\">Los soldados ocupantes abrieron fuego y lanzaron bombas de humo contra los civiles, lo que caus\u00f3 el martirio de una persona y otra result\u00f3 herido.<\/p>\n<p style=\"text-align: justify;\">En respuesta, los pobladores rompieron cuatro veh\u00edculos de las fuerzas de ocupaci\u00f3n estadounidense que enviaron refuerzos para retirar los veh\u00edculos rotos y sus integrantes.<\/p>\n<p style=\"text-align: justify;\">Asimismo, la aviaci\u00f3n del ocupante estadounidense lanz\u00f3 incursiones contra el poblado de Kherbet Amo, y luego se produjeron choques directos con armas ligeras entre los pobladores de la localidad y las fuerzas de ocupaci\u00f3n de EE.UU.<\/p>\n<p style=\"text-align: justify;\">Seg\u00fan reporte de \u00faltima hora, las fuerzas de ocupaci\u00f3n de EE.UU se retiraron de Kherbet Amo con una cobertura de la aviaci\u00f3n.<\/p>\n<p style=\"text-align: justify;\"><strong>Canciller\u00eda: Erdogan es instrumento del terrorismo internacional y t\u00edtere de EE.UU<\/strong><\/p>\n<p style=\"text-align: justify;\">El Ministerio de Exteriores y Expatriados afirm\u00f3 que cualquier presencia de las fuerzas turcas en el territorio sirio es ilegal y viola el Derecho Internacional, y responsabiliz\u00f3 al r\u00e9gimen turco de las repercusiones de esa presencia.<\/p>\n<p style=\"text-align: justify;\">\u201cTras el colapso de las organizaciones terroristas que apoya, arma y entrena, y despu\u00e9s de percatarse el mundo entero del hecho de que es instrumento del terrorismo internacional y un t\u00edtere en manos de EE.UU, el presidente del r\u00e9gimen turco hace declaraciones huecas y sin sentido que demuestran que \u00e9l est\u00e1 desconectado de la realidad\u201d, afirm\u00f3 una declaraci\u00f3n de la Canciller\u00eda.<\/p>\n<p style=\"text-align: justify;\">Seg\u00fan el texto, la Rep\u00fablica \u00c1rabe Siria reafirma nuevamente su determinaci\u00f3n de seguir cumpliendo sus deberes nacionales y constitucionales de luchar contra las organizaciones terroristas en toda la geograf\u00eda siria y liberar a los ciudadanos sirios de su yugo, incluida la apertura de corredores humanitarios seguros que anteriormente los grupos terroristas respaldados por el jefe del r\u00e9gimen turco impidieron la llegada de los civiles a los mismos para usarlos como escudos humanos.<\/p>\n<p style=\"text-align: justify;\"><strong>La escalada de tensi\u00f3n en Idleb se debe al incumplimiento de Turqu\u00eda a sus obligaciones<\/strong><\/p>\n<p style=\"text-align: justify;\">El Ministerio de Exteriores de Rusia afirm\u00f3 que la raz\u00f3n de la escalada de tensi\u00f3n en la provincia de Idleb se debe al incumplimiento &#8220;cr\u00f3nico&#8221; de Turqu\u00eda a sus obligaciones, y se\u00f1al\u00f3 que los ataques israel\u00edes contra Siria representan un factor desestabilizador.<\/p>\n<p style=\"text-align: justify;\">\u201cEl r\u00e9gimen turco es responsable de la escalada de tensi\u00f3n en la regi\u00f3n de Idleb debido a su incumplimiento cr\u00f3nico a sus obligaciones en virtud de los entendimientos de Sochi\u201d, dijo la portavoz del Ministerio de Exteriores de Rusia, Mar\u00eda Zajarova, en una conferencia de prensa.<\/p>\n<p style=\"text-align: justify;\">La vocera rusa explic\u00f3 que la raz\u00f3n del actual deterioro se debe al incumplimiento de Turqu\u00eda al Memorando de Sochi acordado el 17 de septiembre de 2018 y el env\u00edo de armados proturcos al noreste de Siria.<\/p>\n<p style=\"text-align: justify;\">Enfatiz\u00f3 que Rusia sigue comprometida con los acuerdos alcanzados en el marco del proceso de Astan\u00e1 y est\u00e1 decidida a continuar el trabajo encaminado a su plena implementaci\u00f3n.<\/p>\n<p style=\"text-align: justify;\">A su vez, el portavoz de la presidencia rusa Dmitry Peskov afirm\u00f3 que los ataques terroristas en Idleb contin\u00faan a pesar de las promesas del r\u00e9gimen turco de &#8220;neutralizarlos&#8221;, lo cual es inaceptable y contrario a los acuerdos de Sochi.<\/p>\n<p style=\"text-align: justify;\">Por otro lado, la portavoz de la canciller\u00eda rusa coment\u00f3 sobre los ataques israel\u00edes y asegur\u00f3 que los mismos no solo violan la soberan\u00eda del estado sirio, sino amenazan la vida y seguridad de los civiles.<\/p>\n<p style=\"text-align: justify;\">Detall\u00f3 que durante la perpetraci\u00f3n de sus ataques desde fuera de los territorios sirios contra algunas \u00e1reas de Damasco, el 6 de febrero, los cazas israel\u00edes aprovecharon la presencia de un avi\u00f3n civil para protegerse del sistema de defensa antia\u00e9rea sirio y pusieron en peligro la vida de decenas de civiles a bordo del avi\u00f3n.<\/p>\n<p style=\"text-align: justify;\"><strong>Ej\u00e9rcito \u00c1rabe Sirio libera localidad de Sheikh Ali al oeste de la autopista Damasco-Alepo<\/strong><\/p>\n<p style=\"text-align: justify;\">Las unidades del Ej\u00e9rcito \u00c1rabe Sirio continuaron sus operativos militares antiterroristas y liberaron en las recientes horas a la localidad de Sheikh Ali ubicada al oeste de la autov\u00eda entre Damasco y Alepo.<\/p>\n<p style=\"text-align: justify;\">En la v\u00edspera, escuadras del ej\u00e9rcito liberaron los suburbios Rashidin 4 y Khan al-Asal en los extremos occidentales de la ciudad de Alepo, 355 al norte de la capital Damasco, despu\u00e9s de intensos operativos contra los terroristas del Frente al-Nousra en los referidos suburbios.<\/p>\n<p style=\"text-align: justify;\">En Idleb, los uniformados sirios contrarrestaron una arremetida a gran escala lanzada por los terroristas del Frente al-Nousra, la cual cont\u00f3 con el apoyo de las fuerzas del ocupante turco, en la localidad al-Nerab al oeste de la ciudad de Saraqueb.<\/p>\n<p style=\"text-align: justify;\"><strong>Periodistas de SANA y de la televisi\u00f3n siria resultan heridos durante su cobertura en Alepo<\/strong><\/p>\n<p style=\"text-align: justify;\">Los periodistas de la agencia SANA y de la televisi\u00f3n sirias Al-Suriya resultaron heridos durante su cobertura a las operaciones antiterroristas del ej\u00e9rcito sirio en el oeste de Alepo.<\/p>\n<p style=\"text-align: justify;\">Los heridos son el corresponsal de guerra de la televisi\u00f3n siria Shadi Helwa y su camar\u00f3grafo Sharif Abes, y el fot\u00f3grafo de SANA, George Orfalian, y fueron ingresados en el hospital universitario de Alepo.<\/p>\n<p style=\"text-align: justify;\">Los periodistas resultaron heridos en la localidad de Khan Al-Assal al sudoeste de Alepo, y sus heridas son entre medianas y leves.<\/p>\n<p style=\"text-align: justify;\"><strong>Contin\u00faan obras de reparaci\u00f3n del fallo t\u00e9cnico en la planta gas\u00edfera de Rayan en Homs<\/strong><\/p>\n<p style=\"text-align: justify;\">El Ministerio de Petr\u00f3leo y Recursos Minerales anunci\u00f3 que los t\u00e9cnicos contin\u00faan sus obras de reparaci\u00f3n de un nuevo fallo en la turbina de la planta Rayan de gas en la provincia central de Homs.<\/p>\n<p style=\"text-align: justify;\">La referida instalaci\u00f3n fue blanco de ataques terroristas el d\u00eda cuatro del mes en curso lo que provocaron da\u00f1os materiales.<\/p>\n<p style=\"text-align: justify;\">\u201cSe detect\u00f3 nuevo fallo en los circuitos de control de combustible debido a los ataques terroristas y se trabaja para repararlo\u201d, inform\u00f3 el Ministerio en su p\u00e1gina de Facebook.<\/p>\n<p style=\"text-align: justify;\">Aclar\u00f3 que los obreros prosiguen con el trabajo a pesar de las malas condiciones clim\u00e1ticas.<\/p>\n<p style=\"text-align: justify;\"><strong>Honran en Damasco al general Soleimani por los 40 d\u00edas de su martirio<\/strong><\/p>\n<p style=\"text-align: justify;\">Se efectu\u00f3 en la Biblioteca Nacional en Damasco un acto para rendir homenaje a la memoria del m\u00e1rtir Qasem Soleimani, comandante de la Fuerza al-Quds del Cuerpo de Guardianes de la Revoluci\u00f3n Isl\u00e1mica de Ir\u00e1n (CGRI), en ocasi\u00f3n del paso de 40 d\u00edas de su martirio.<\/p>\n<p style=\"text-align: justify;\">Este evento fue patrocinado por el Comit\u00e9 Popular \u00c1rabe Sirio de Apoyo al Pueblo Palestino y la Resistencia al Plan sionista, la<\/p>\n<p style=\"text-align: justify;\">Fundaci\u00f3n Internacional al-Quds en Siria y representantes de de los diferentes grupos palestinos.<\/p>\n<p style=\"text-align: justify;\">Se proyect\u00f3 durante el acto un cortometraje sobre la vida del general Soleimani, as\u00ed como se pronunciaron discursos que alabaron las posturas valientes del general iran\u00ed frente a las potencias mundiales y el terrorismo transfronterizo.<\/p>\n<p style=\"text-align: justify;\">En declaraciones ofrecidas a la prensa, la asesora POl\u00edtica y de Prensa en la Presidencia de la Rep\u00fablica \u00c1rabe Siria, Bozaina Shaaban, subray\u00f3 que el m\u00e1rtir Soleimani luch\u00f3 por la libertad y los derechos humanos, as\u00ed como combati\u00f3 en la misma trinchera con Siria, Iraq y el L\u00edbano contra el terrorismo.<\/p>\n<p style=\"text-align: justify;\">Alab\u00f3 la resistencia de Ir\u00e1n y su pueblo pese a las pretensiones hostiles encaminadas a desviar el pa\u00eds de su trayecto pro \u00e1rabe.<\/p>\n<p style=\"text-align: justify;\"><strong>Contin\u00faa campa\u00f1a de vacunaci\u00f3n escolar en zonas liberadas en Idleb<\/strong><\/p>\n<p style=\"text-align: justify;\">La Direcci\u00f3n de Educaci\u00f3n en la provincia de Idleb contin\u00faa su campa\u00f1a de vacunaci\u00f3n escolar en las localidades liberadas con el fin de inmunizar a los ni\u00f1os.<\/p>\n<p style=\"text-align: justify;\">\u201cFueron enviados equipos m\u00e9dicos a nueve escuelas en las ciudades de Abu Duhour y Khan Shaikhoun\u201d, dijo Abdul Hamid Al-Moammar, director de Educaci\u00f3n en Idleb.<\/p>\n<p style=\"text-align: justify;\">Explic\u00f3 que la campa\u00f1a incluye la vacunaci\u00f3n de estudiantes de primer y sexto grado de difteria y el t\u00e9tanos.<\/p>\n<p style=\"text-align: justify;\">Cabe destacar que el Ministerio de Educaci\u00f3n lanz\u00f3 la campa\u00f1a de mediados de noviembre para la vacunaci\u00f3n escolar en todas las provincias y continuar\u00e1 hasta finales de marzo pr\u00f3ximo.<\/p>\n<p style=\"text-align: justify;\"><strong>Siria: reactivar el sector agr\u00edcola encabeza la lista de prioridades del gobierno sirio<\/strong><\/p>\n<p style=\"text-align: justify;\">Se clausur\u00f3 en la capital italiana, Roma, a la 43\u00aa sesi\u00f3n del Fondo Internacional de Desarrollo Agr\u00edcola (FIDA), la cual cont\u00f3 con la participaci\u00f3n de 137 pa\u00edses, incluida Siria.<\/p>\n<p style=\"text-align: justify;\">Las reuniones de la segunda jornada se centraron en el papel del Fondo en lograr los objetivos de desarrollo sostenible y fomento rural, afianzar la resistencia de los peque\u00f1os agricultores y crear oportunidades laborales para los j\u00f3venes en el campo.<\/p>\n<p style=\"text-align: justify;\">En un discurso, el jefe de la delegaci\u00f3n siria, el Ministro de Agricultura y Reforma Agraria, Ahmed Al-Qadri, dijo que el gobierno sirio da prioridad a la revitalizaci\u00f3n del sector agr\u00edcola y el fomento rural, teniendo en cuenta el bloqueo econ\u00f3mico y las medidas coercitivas unilaterales impuestas en Siria que han tenido un impacto negativo en el desarrollo agr\u00edcola.<\/p>\n<p style=\"text-align: justify;\">Al-Qadiri destac\u00f3 la necesidad de apoyar a los peque\u00f1os agricultores y al papel de las mujeres rurales en la producci\u00f3n de alimentos, as\u00ed como adoptar medidas especiales para conservar y mantener los recursos naturales, teniendo en cuenta los cambios clim\u00e1ticos que se producen en la regi\u00f3n.<\/p>\n<p style=\"text-align: justify;\">Al margen de las sesiones, el titular de Agricultura sostuvo encuentros con varios funcionarios de la Organizaci\u00f3n de las Naciones Unidas para la Agricultura y la Alimentaci\u00f3n \u201cFAO\u201d.<\/p>\n<p style=\"text-align: justify;\">En este contexto, el Director General Adjunto de la Organizaci\u00f3n, Laurent Thomas, destac\u00f3 la importancia de mejorar la cooperaci\u00f3n conjunta, especialmente que la situaci\u00f3n en Siria presencia una mejora notable, y resalt\u00f3 el inter\u00e9s de su organizaci\u00f3n en prestar todas las formas de apoyo al sector agr\u00edcola en el pa\u00eds \u00e1rabe.<\/p>\n<p style=\"text-align: justify;\"><strong>Cuba contribuye con f\u00e1rmaco pionero a la batalla de China contra el coronavirus<\/strong><\/p>\n<p style=\"text-align: justify;\">El antiviral Interfer\u00f3n alfa 2B recombinante (IFNrec), es un producto l\u00edder de la biotecnolog\u00eda de Cuba y es uno de los medicamentos usados por las autoridades sanitarias chicas en los tratamientos aplicados a enfermos de la epidemia coronavirus.<\/p>\n<p style=\"text-align: justify;\">En declaraciones a la agencia Prensa Latina, el embajador cubano en Beijing, Carlos Miguel Pereira, afirm\u00f3 que la planta mixta ChangHeber, ubicada en la provincia china de Jilin, elabora el f\u00e1rmaco y es uno de los cerca de 30 escogidos por la Comisi\u00f3n Nacional de Salud por su potencial para curar la afecci\u00f3n respiratoria.<\/p>\n<p style=\"text-align: justify;\">El referido antiviral se aplica contra infecciones virales provocadas por el VIH, la papilomatosis respiratoria recurrente causada por el virus papiloma humano, el condiloma acuminado, y la hepatitis tipos B y C.<\/p>\n<p style=\"text-align: justify;\">Tambi\u00e9n es efectivo en las terapias contra distintos tipos de c\u00e1ncer.<\/p>\n<p style=\"text-align: justify;\">La compa\u00f1\u00eda ChangHeber, junto a Biotech y Changchun Heber Biological Technology, son fruto de la cooperaci\u00f3n de Cuba y China en la biotecnolog\u00eda, un sector con amplias perspectivas para la puesta en marcha de proyectos conjuntos.<\/p>\n<p style=\"text-align: justify;\"><strong>Choques armados entre pobladores y fuerzas de EE.UU en Siria<\/strong><\/p>\n<p style=\"text-align: justify;\">Un estado de ira prevalece en la provincia nororiental siria de Hasakeh, despu\u00e9s de que las fuerzas de ocupaci\u00f3n de Estados Unidos abrieran fuego contra civiles que bloquearon la carretera ante un convoy de blindados.<\/p>\n<p style=\"text-align: justify;\">Ante la postura firme de los pobladores de no permitir a las tropas ocupantes pasar por su localidad, los soldados estadounidenses abrieron el fuego y asesinaron a un civil mientras otros tres resultaron lesionados.<\/p>\n<p style=\"text-align: justify;\">En respuesta al crimen, los residentes arrojaron piedras contra los blindados y bajaron las banderas de EE.UU de los mismos, y luego se desataron choques con armas ligeras entre las milicias populares progubernamentales y los soldados de EE.UU.<\/p>\n<p style=\"text-align: justify;\">Al verse asediados por civiles que rechazan su presencia, el convoy pidi\u00f3 refuerzos y cobertura a\u00e9rea para que se retiraran de la zona, y percatarse que Siria no es un paseo para los ocupantes.<\/p>\n<p style=\"text-align: justify;\">Un video circulado por las redes sociales muestra a un poblados que baj\u00f3 la bandera americana de un blindado y desafi\u00f3 al soldado estadounidense al preguntarle \u00bfA qu\u00e9 est\u00e1n en Siria?, salgan afuera.<\/p>\n<p style=\"text-align: justify;\"><span style=\"color: #333399;\"><strong>Cont\u00e1ctenos: <\/strong><\/span><\/p>\n<p style=\"text-align: justify;\"><span style=\"color: #333399;\"><strong>agenciasanadenoticias<\/strong><strong>@<\/strong><strong>gmail.com<\/strong><\/span><\/p>\n<p style=\"text-align: justify;\"><span style=\"color: #333399;\"><strong>Tel\u00e9fono: 00 963 11 5490700<\/strong><\/span><\/p>\n<p style=\"text-align: justify;\"><strong>\u00a0<\/strong><\/p>\n","protected":false},"excerpt":{"rendered":"<p>Damasco, SANA Les ofrecemos a continuaci\u00f3n, un resumen de las m\u00e1s destacadas noticias de Siria publicadas por nuestra agencia: Para actualizarse m\u00e1s de Siria y ver videos, fotos y reportajes en espa\u00f1ol s\u00edguenos en nuestro sitio https:\/\/www.sana.sy\/es\/, nuestras p\u00e1ginas en Facebook \u00a0\u00a0https:\/\/www.facebook.com\/SANA.Noticias\/ y en Twitter https:\/\/twitter.com\/SanaAgencia. Muere civil por disparos de las fuerzas de ocupaci\u00f3n &hellip;<\/p>\n","protected":false},"author":32,"featured_media":130694,"comment_status":"closed","ping_status":"closed","sticky":false,"template":"","format":"standard","meta":{"footnotes":""},"categories":[447,555],"tags":[],"class_list":["post-130692","post","type-post","status-publish","format-standard","has-post-thumbnail","","category-local-politica","category-prensa"],"_links":{"self":[{"href":"https:\/\/archive.sana.sy\/es\/index.php?rest_route=\/wp\/v2\/posts\/130692"}],"collection":[{"href":"https:\/\/archive.sana.sy\/es\/index.php?rest_route=\/wp\/v2\/posts"}],"about":[{"href":"https:\/\/archive.sana.sy\/es\/index.php?rest_route=\/wp\/v2\/types\/post"}],"author":[{"embeddable":true,"href":"https:\/\/archive.sana.sy\/es\/index.php?rest_route=\/wp\/v2\/users\/32"}],"replies":[{"embeddable":true,"href":"https:\/\/archive.sana.sy\/es\/index.php?rest_route=%2Fwp%2Fv2%2Fcomments&post=130692"}],"version-history":[{"count":0,"href":"https:\/\/archive.sana.sy\/es\/index.php?rest_route=\/wp\/v2\/posts\/130692\/revisions"}],"wp:featuredmedia":[{"embeddable":true,"href":"https:\/\/archive.sana.sy\/es\/index.php?rest_route=\/wp\/v2\/media\/130694"}],"wp:attachment":[{"href":"https:\/\/archive.sana.sy\/es\/index.php?rest_route=%2Fwp%2Fv2%2Fmedia&parent=130692"}],"wp:term":[{"taxonomy":"category","embeddable":true,"href":"https:\/\/archive.sana.sy\/es\/index.php?rest_route=%2Fwp%2Fv2%2Fcategories&post=130692"},{"taxonomy":"post_tag","embeddable":true,"href":"https:\/\/archive.sana.sy\/es\/index.php?rest_route=%2Fwp%2Fv2%2Ftags&post=130692"}],"curies":[{"name":"wp","href":"https:\/\/api.w.org\/{rel}","templated":true}]}}