{"id":131072,"date":"2020-02-16T10:48:38","date_gmt":"2020-02-16T08:48:38","guid":{"rendered":"http:\/\/sana.sy\/es\/?p=131072"},"modified":"2020-02-16T12:54:23","modified_gmt":"2020-02-16T10:54:23","slug":"capitan-mutilado-del-ejercito-desafia-su-herida-y-siembra-cinco-mil-arboles","status":"publish","type":"post","link":"https:\/\/archive.sana.sy\/es\/?p=131072","title":{"rendered":"Capit\u00e1n mutilado del ej\u00e9rcito desaf\u00eda su herida y siembra cinco mil \u00e1rboles"},"content":{"rendered":"<p style=\"text-align: justify;\"><strong><span style=\"color: #800000;\">Damasco, SANA<\/span><\/strong><\/p>\n<p style=\"text-align: justify;\">El capit\u00e1n Ali Mohsen, originario del municipio de Messyaf en la provincia central de Hama, result\u00f3 herido durante los operativos antiterroristas del ej\u00e9rcito y perdi\u00f3 a su pierna.<\/p>\n<p style=\"text-align: justify;\">Mohsen no se dio por vencido ante su discapacidad y lanz\u00f3 una iniciativa bajo el lema: &#8220;nuestras heridas fructifican esperanza&#8221; para sembrar 5000 \u00e1rboles en zonas forestales que sufrieron da\u00f1os por los incendios por la guerra.<\/p>\n<p style=\"text-align: justify;\">El capit\u00e1n explic\u00f3 a la agencia SANA que su iniciativa es individual y la comenz\u00f3 el d\u00eda 5 de diciembre del 2019 bajo auspicios del ministerio de Agricultura.<\/p>\n<p style=\"text-align: justify;\">Asegur\u00f3 que hasta la fecha, sembr\u00f3 m\u00e1s de 4000 \u00e1rboles sobre un \u00e1rea de siete hect\u00e1reas.<\/p>\n<p style=\"text-align: justify;\">Tenemos planes para lanzar otra campa\u00f1a pero esta vez ser\u00e1 colectiva y en cooperaci\u00f3n con la Federaci\u00f3n General de Deportes y se llevar\u00e1 a cabo en las provincias de Hama, Homs, Tartous, Latakia y Damasco, acot\u00f3 el oficial.<\/p>\n<p style=\"text-align: justify;\">La discapacidad no pude acabar con los deseo de vivir de Ali Mohsen como todos los dem\u00e1s sirios que, d\u00eda tras d\u00eda, afirman que pueden superar todos los desaf\u00edos y seguir construyendo y fortaleciendo su patria.<\/p>\n<div id='gallery-1' class='gallery galleryid-131072 gallery-columns-3 gallery-size-thumbnail'><figure class='gallery-item'>\n\t\t\t<div class='gallery-icon landscape'>\n\t\t\t\t<a href='https:\/\/archive.sana.sy\/es\/wp-content\/uploads\/2020\/02\/111.jpg'><img loading=\"lazy\" decoding=\"async\" width=\"150\" height=\"150\" src=\"https:\/\/archive.sana.sy\/es\/wp-content\/uploads\/2020\/02\/111.jpg\" class=\"attachment-thumbnail size-thumbnail\" alt=\"\" \/><\/a>\n\t\t\t<\/div><\/figure><figure class='gallery-item'>\n\t\t\t<div class='gallery-icon landscape'>\n\t\t\t\t<a href='https:\/\/archive.sana.sy\/es\/wp-content\/uploads\/2020\/02\/2222.jpg'><img loading=\"lazy\" decoding=\"async\" width=\"150\" height=\"150\" src=\"https:\/\/archive.sana.sy\/es\/wp-content\/uploads\/2020\/02\/2222.jpg\" class=\"attachment-thumbnail size-thumbnail\" alt=\"\" \/><\/a>\n\t\t\t<\/div><\/figure><figure class='gallery-item'>\n\t\t\t<div class='gallery-icon landscape'>\n\t\t\t\t<a href='https:\/\/archive.sana.sy\/es\/wp-content\/uploads\/2020\/02\/1-217-660x330-1.jpg'><img loading=\"lazy\" decoding=\"async\" width=\"150\" height=\"75\" src=\"https:\/\/archive.sana.sy\/es\/wp-content\/uploads\/2020\/02\/1-217-660x330-1-150x75.jpg\" class=\"attachment-thumbnail size-thumbnail\" alt=\"\" srcset=\"https:\/\/archive.sana.sy\/es\/wp-content\/uploads\/2020\/02\/1-217-660x330-1-150x75.jpg 150w, https:\/\/archive.sana.sy\/es\/wp-content\/uploads\/2020\/02\/1-217-660x330-1-300x150.jpg 300w, https:\/\/archive.sana.sy\/es\/wp-content\/uploads\/2020\/02\/1-217-660x330-1.jpg 660w\" sizes=\"(max-width: 150px) 100vw, 150px\" \/><\/a>\n\t\t\t<\/div><\/figure>\n\t\t<\/div>\n\n<p style=\"text-align: justify;\"><span style=\"color: #0000ff;\"><strong>W.S\/ F.M<\/strong><\/span><\/p>\n<p>&nbsp;<\/p>\n","protected":false},"excerpt":{"rendered":"<p>Damasco, SANA El capit\u00e1n Ali Mohsen, originario del municipio de Messyaf en la provincia central de Hama, result\u00f3 herido durante los operativos antiterroristas del ej\u00e9rcito y perdi\u00f3 a su pierna. Mohsen no se dio por vencido ante su discapacidad y lanz\u00f3 una iniciativa bajo el lema: &#8220;nuestras heridas fructifican esperanza&#8221; para sembrar 5000 \u00e1rboles en &hellip;<\/p>\n","protected":false},"author":32,"featured_media":131073,"comment_status":"closed","ping_status":"closed","sticky":false,"template":"","format":"standard","meta":{"footnotes":""},"categories":[477,597,476,7541],"tags":[17539],"class_list":["post-131072","post","type-post","status-publish","format-standard","has-post-thumbnail","","category-noticias-edulcorantes","category-cinta-de-noticias","category-locales","category-ultimas-noticias","tag-capitan-mutilado-del-ejercito-desafia-su-herida-y-siembra-cinco-mil-arboles"],"_links":{"self":[{"href":"https:\/\/archive.sana.sy\/es\/index.php?rest_route=\/wp\/v2\/posts\/131072"}],"collection":[{"href":"https:\/\/archive.sana.sy\/es\/index.php?rest_route=\/wp\/v2\/posts"}],"about":[{"href":"https:\/\/archive.sana.sy\/es\/index.php?rest_route=\/wp\/v2\/types\/post"}],"author":[{"embeddable":true,"href":"https:\/\/archive.sana.sy\/es\/index.php?rest_route=\/wp\/v2\/users\/32"}],"replies":[{"embeddable":true,"href":"https:\/\/archive.sana.sy\/es\/index.php?rest_route=%2Fwp%2Fv2%2Fcomments&post=131072"}],"version-history":[{"count":0,"href":"https:\/\/archive.sana.sy\/es\/index.php?rest_route=\/wp\/v2\/posts\/131072\/revisions"}],"wp:featuredmedia":[{"embeddable":true,"href":"https:\/\/archive.sana.sy\/es\/index.php?rest_route=\/wp\/v2\/media\/131073"}],"wp:attachment":[{"href":"https:\/\/archive.sana.sy\/es\/index.php?rest_route=%2Fwp%2Fv2%2Fmedia&parent=131072"}],"wp:term":[{"taxonomy":"category","embeddable":true,"href":"https:\/\/archive.sana.sy\/es\/index.php?rest_route=%2Fwp%2Fv2%2Fcategories&post=131072"},{"taxonomy":"post_tag","embeddable":true,"href":"https:\/\/archive.sana.sy\/es\/index.php?rest_route=%2Fwp%2Fv2%2Ftags&post=131072"}],"curies":[{"name":"wp","href":"https:\/\/api.w.org\/{rel}","templated":true}]}}