{"id":131099,"date":"2020-02-16T13:57:09","date_gmt":"2020-02-16T11:57:09","guid":{"rendered":"http:\/\/sana.sy\/es\/?p=131099"},"modified":"2020-02-16T18:34:55","modified_gmt":"2020-02-16T16:34:55","slug":"nueva-jornada-de-avances-del-ejercito-sirio-en-sus-operativos-antiterroristas-al-oeste-de-alepo","status":"publish","type":"post","link":"https:\/\/archive.sana.sy\/es\/?p=131099","title":{"rendered":"Nueva jornada de avances del ej\u00e9rcito sirio en sus operativos antiterroristas en Alepo e Idleb"},"content":{"rendered":"<p style=\"text-align: justify;\"><span style=\"color: #800000;\"><strong>Alepo, SANA<\/strong><\/span><\/p>\n<p style=\"text-align: justify;\"><span style=\"font-size: 13.0pt; font-family: 'Arial','sans-serif';\">Las localidades de Kafer Dael, Tal Shwehneh, al-Mansoura y Halakim al oeste de la ciudad de Alepo, han sido liberados hoy de los grupos terroristas.<\/span><\/p>\n<p class=\"yiv6970565333ydpb6967195yiv6397102769ydpfa1755beyiv8915934980ydp2b718523yiv1663982744ydpafd1bbyiv3872787821ydp43b730amsonormal\" style=\"background: white; text-align: justify;\"><span style=\"font-size: 13.0pt; font-family: 'Arial','sans-serif';\">Seg\u00fan report\u00f3 el corresponsal de SANA, el avance se produjo tras intensos enfrentamientos con las agrupaciones radicales.<\/span><\/p>\n<p class=\"yiv6970565333ydpb6967195yiv6397102769ydpfa1755beyiv8915934980ydp2b718523yiv1663982744ydpafd1bbyiv3872787821ydp43b730amsonormal\" style=\"background: white; text-align: justify;\"><span style=\"font-size: 13.0pt; font-family: 'Arial','sans-serif';\">Asimismo, los militares sirios contin\u00faan sus operativos de peinado en las liberada zonas de Kafer Dael, Rashdeen, Ajel y Uejel para limpiarlas de los explosivos y otros remanentes de las organizaciones terroristas.<\/span><\/p>\n<p class=\"yiv6970565333ydpb6967195yiv6397102769ydpfa1755beyiv8915934980ydp2b718523yiv1663982744ydpafd1bbyiv3872787821ydp43b730amsonormal\" style=\"background: white; text-align: justify;\"><span style=\"font-size: 13.0pt; font-family: 'Arial','sans-serif';\"><img loading=\"lazy\" decoding=\"async\" class=\"size-medium wp-image-131125 alignleft\" src=\"http:\/\/sana.sy\/es\/wp-content\/uploads\/2020\/02\/4-142-300x149.jpg\" alt=\"\" width=\"300\" height=\"149\" srcset=\"https:\/\/archive.sana.sy\/es\/wp-content\/uploads\/2020\/02\/4-142-300x149.jpg 300w, https:\/\/archive.sana.sy\/es\/wp-content\/uploads\/2020\/02\/4-142-150x74.jpg 150w, https:\/\/archive.sana.sy\/es\/wp-content\/uploads\/2020\/02\/4-142.jpg 660w\" sizes=\"(max-width: 300px) 100vw, 300px\" \/>En la v\u00edspera, el Ej\u00e9rcito logr\u00f3 expulsar a los terroristas de los poblados de Urm Al-Kubra, Kafer Naha, el Reparto Radwan, Ayel y Oaiyel en el sudoeste de la provincia de Alepo.<\/span><\/p>\n<p class=\"yiv6970565333ydpb6967195yiv6397102769ydpfa1755beyiv8915934980ydp2b718523yiv1663982744ydpafd1bbyiv3872787821ydp43b730amsonormal\" style=\"background: white; text-align: justify;\"><span style=\"font-size: 13.0pt; font-family: 'Arial','sans-serif';\">Tambi\u00e9n liber\u00f3 el Centro de Investigaciones Cient\u00edficas y Rashidin 1 en la ruta de Darat Azza.<\/span><\/p>\n<p class=\"yiv6970565333ydpb6967195yiv6397102769ydpfa1755beyiv8915934980ydp2b718523yiv1663982744ydpafd1bbyiv3872787821ydp43b730amsonormal\" style=\"background: white; text-align: justify;\"><span style=\"font-size: 13.0pt; font-family: 'Arial','sans-serif';\">En el sur de la provincia septentrional de Idleb, los militares liberaron el poblado de Rakaya al noroeste de la ciudad de Khan Shaikhoun tras un ataque repentino en el que los terroristas sufrieron numerosas bajas.<\/span><\/p>\n<p style=\"text-align: justify;\"><strong><span style=\"color: #0000ff;\">F.M\/ E. D<\/span><\/strong><\/p>\n","protected":false},"excerpt":{"rendered":"<p>Alepo, SANA Las localidades de Kafer Dael, Tal Shwehneh, al-Mansoura y Halakim al oeste de la ciudad de Alepo, han sido liberados hoy de los grupos terroristas. Seg\u00fan report\u00f3 el corresponsal de SANA, el avance se produjo tras intensos enfrentamientos con las agrupaciones radicales. Asimismo, los militares sirios contin\u00faan sus operativos de peinado en las &hellip;<\/p>\n","protected":false},"author":32,"featured_media":131100,"comment_status":"closed","ping_status":"closed","sticky":false,"template":"","format":"standard","meta":{"footnotes":""},"categories":[597,573,7541],"tags":[17542],"class_list":["post-131099","post","type-post","status-publish","format-standard","has-post-thumbnail","","category-cinta-de-noticias","category-la-realidad-de-los-acontecimientos-en-siria","category-ultimas-noticias","tag-nueva-jornada-de-avances-del-ejercito-sirio-en-sus-operativos-antiterroristas-al-oeste-de-alepo"],"_links":{"self":[{"href":"https:\/\/archive.sana.sy\/es\/index.php?rest_route=\/wp\/v2\/posts\/131099"}],"collection":[{"href":"https:\/\/archive.sana.sy\/es\/index.php?rest_route=\/wp\/v2\/posts"}],"about":[{"href":"https:\/\/archive.sana.sy\/es\/index.php?rest_route=\/wp\/v2\/types\/post"}],"author":[{"embeddable":true,"href":"https:\/\/archive.sana.sy\/es\/index.php?rest_route=\/wp\/v2\/users\/32"}],"replies":[{"embeddable":true,"href":"https:\/\/archive.sana.sy\/es\/index.php?rest_route=%2Fwp%2Fv2%2Fcomments&post=131099"}],"version-history":[{"count":0,"href":"https:\/\/archive.sana.sy\/es\/index.php?rest_route=\/wp\/v2\/posts\/131099\/revisions"}],"wp:featuredmedia":[{"embeddable":true,"href":"https:\/\/archive.sana.sy\/es\/index.php?rest_route=\/wp\/v2\/media\/131100"}],"wp:attachment":[{"href":"https:\/\/archive.sana.sy\/es\/index.php?rest_route=%2Fwp%2Fv2%2Fmedia&parent=131099"}],"wp:term":[{"taxonomy":"category","embeddable":true,"href":"https:\/\/archive.sana.sy\/es\/index.php?rest_route=%2Fwp%2Fv2%2Fcategories&post=131099"},{"taxonomy":"post_tag","embeddable":true,"href":"https:\/\/archive.sana.sy\/es\/index.php?rest_route=%2Fwp%2Fv2%2Ftags&post=131099"}],"curies":[{"name":"wp","href":"https:\/\/api.w.org\/{rel}","templated":true}]}}