{"id":131105,"date":"2020-02-16T14:38:06","date_gmt":"2020-02-16T12:38:06","guid":{"rendered":"http:\/\/sana.sy\/es\/?p=131105"},"modified":"2023-01-10T14:34:14","modified_gmt":"2023-01-10T12:34:14","slug":"declaracion-final-de-la-conferencia-de-trabajadores-llama-a-seguir-la-lucha-para-romper-el-bloqueo-contra-el-pueblo-sirio","status":"publish","type":"post","link":"https:\/\/archive.sana.sy\/es\/?p=131105","title":{"rendered":"Declaraci\u00f3n final de la Conferencia de Trabajadores llama a seguir la lucha para romper el bloqueo contra el pueblo sirio"},"content":{"rendered":"<p style=\"text-align: justify;\"><strong><span style=\"color: #800000;\">Damasco, SANA<\/span><\/strong><\/p>\n<p style=\"text-align: justify;\">La declaraci\u00f3n final de la 27\u00aa Conferencia de la Federaci\u00f3n de Sindicatos de Trabajadores llam\u00f3 a seguir trabajando y luchando con todos los medios disponibles para romper el injusto bloqueo econ\u00f3mico y las medidas coercitivas impuestas al pueblo sirio.<\/p>\n<p style=\"text-align: justify;\">El texto ratific\u00f3 la ilimitada solidaridad de los trabajadores sirios con los trabajadores de Palestina en su enfrentamiento al llamado Acuerdo del Siglo.<\/p>\n<p style=\"text-align: justify;\">Los participantes convocaron a una campa\u00f1a amplia y en todos los niveles para defender y apoyar la lucha de Siria para recuperar el Gol\u00e1n ocupado y obligar a las autoridades de ocupaci\u00f3n israel\u00edes a cumplir con las resoluciones internacionales.<\/p>\n<p style=\"text-align: justify;\">Asimismo, instaron a seguir ampliando y reforzando las relaciones de cooperaci\u00f3n y lucha existentes entre los trabajadores sirios y las organizaciones sindicales nacionales, regionales e internacionales.<\/p>\n<p style=\"text-align: justify;\">\u201cEs necesario apoyar la unidad del movimiento laboral mundial, fortalecer la unidad de los trabajadores \u00e1rabes y reforzar la solidaridad con los trabajadores y pueblos del mundo que luchan contra las pol\u00edticas de agresi\u00f3n, explotaci\u00f3n y las crecientes tendencias coloniales\u201d concluy\u00f3 la declaraci\u00f3n.<\/p>\n<p style=\"text-align: justify;\"><span style=\"color: #0000ff;\"><strong>F.M<\/strong><\/span><\/p>\n","protected":false},"excerpt":{"rendered":"<p>Damasco, SANA La declaraci\u00f3n final de la 27\u00aa Conferencia de la Federaci\u00f3n de Sindicatos de Trabajadores llam\u00f3 a seguir trabajando y luchando con todos los medios disponibles para romper el injusto bloqueo econ\u00f3mico y las medidas coercitivas impuestas al pueblo sirio. El texto ratific\u00f3 la ilimitada solidaridad de los trabajadores sirios con los trabajadores de &hellip;<\/p>\n","protected":false},"author":34,"featured_media":131106,"comment_status":"closed","ping_status":"closed","sticky":false,"template":"","format":"standard","meta":{"footnotes":""},"categories":[447,597,476,7541],"tags":[],"class_list":["post-131105","post","type-post","status-publish","format-standard","has-post-thumbnail","","category-local-politica","category-cinta-de-noticias","category-locales","category-ultimas-noticias"],"_links":{"self":[{"href":"https:\/\/archive.sana.sy\/es\/index.php?rest_route=\/wp\/v2\/posts\/131105"}],"collection":[{"href":"https:\/\/archive.sana.sy\/es\/index.php?rest_route=\/wp\/v2\/posts"}],"about":[{"href":"https:\/\/archive.sana.sy\/es\/index.php?rest_route=\/wp\/v2\/types\/post"}],"author":[{"embeddable":true,"href":"https:\/\/archive.sana.sy\/es\/index.php?rest_route=\/wp\/v2\/users\/34"}],"replies":[{"embeddable":true,"href":"https:\/\/archive.sana.sy\/es\/index.php?rest_route=%2Fwp%2Fv2%2Fcomments&post=131105"}],"version-history":[{"count":0,"href":"https:\/\/archive.sana.sy\/es\/index.php?rest_route=\/wp\/v2\/posts\/131105\/revisions"}],"wp:featuredmedia":[{"embeddable":true,"href":"https:\/\/archive.sana.sy\/es\/index.php?rest_route=\/wp\/v2\/media\/131106"}],"wp:attachment":[{"href":"https:\/\/archive.sana.sy\/es\/index.php?rest_route=%2Fwp%2Fv2%2Fmedia&parent=131105"}],"wp:term":[{"taxonomy":"category","embeddable":true,"href":"https:\/\/archive.sana.sy\/es\/index.php?rest_route=%2Fwp%2Fv2%2Fcategories&post=131105"},{"taxonomy":"post_tag","embeddable":true,"href":"https:\/\/archive.sana.sy\/es\/index.php?rest_route=%2Fwp%2Fv2%2Ftags&post=131105"}],"curies":[{"name":"wp","href":"https:\/\/api.w.org\/{rel}","templated":true}]}}