{"id":131207,"date":"2020-02-17T06:39:36","date_gmt":"2020-02-17T04:39:36","guid":{"rendered":"http:\/\/sana.sy\/es\/?p=131207"},"modified":"2020-02-17T06:39:36","modified_gmt":"2020-02-17T04:39:36","slug":"hallan-fosa-comun-de-decenas-de-civiles-y-militares-asesinados-por-terroristas-en-ghouta-oriental-fotos","status":"publish","type":"post","link":"https:\/\/archive.sana.sy\/es\/?p=131207","title":{"rendered":"Hallan fosa com\u00fan de decenas de civiles y militares asesinados por terroristas en Ghouta Oriental. (fotos)"},"content":{"rendered":"<p style=\"text-align: justify;\"><span style=\"color: #800000;\"><strong>Damasco, SANA<\/strong><\/span><\/p>\n<p style=\"text-align: justify;\">Una unidad del ej\u00e9rcito \u00e1rabe sirio hall\u00f3 una fosa com\u00fan de civiles y militares que fueron ejecutados por grupos terroristas en la zona de las granjas Al-Ab, en el este de la regi\u00f3n de Ghouta Oriental al este de Damasco.<\/p>\n<p style=\"text-align: justify;\">El Comandante de la Polic\u00eda Militar en Damasco, el general de brigada Mohamed Mansour, dijo que tras recibir informaciones de fuentes civiles, se descubri\u00f3 la fosa que contiene cuerpos civiles y militares, incluida una mujer, y todos fueron esposados y ejecutados por los grupos terroristas.<\/p>\n<p style=\"text-align: justify;\"><img loading=\"lazy\" decoding=\"async\" class=\"size-medium wp-image-131210 alignleft\" src=\"http:\/\/sana.sy\/es\/wp-content\/uploads\/2020\/02\/MMM_3109-scaled-1-300x200.jpg\" alt=\"\" width=\"300\" height=\"200\" srcset=\"https:\/\/archive.sana.sy\/es\/wp-content\/uploads\/2020\/02\/MMM_3109-scaled-1-300x200.jpg 300w, https:\/\/archive.sana.sy\/es\/wp-content\/uploads\/2020\/02\/MMM_3109-scaled-1-1024x683.jpg 1024w, https:\/\/archive.sana.sy\/es\/wp-content\/uploads\/2020\/02\/MMM_3109-scaled-1-150x100.jpg 150w, https:\/\/archive.sana.sy\/es\/wp-content\/uploads\/2020\/02\/MMM_3109-scaled-1-768x512.jpg 768w, https:\/\/archive.sana.sy\/es\/wp-content\/uploads\/2020\/02\/MMM_3109-scaled-1-1536x1024.jpg 1536w, https:\/\/archive.sana.sy\/es\/wp-content\/uploads\/2020\/02\/MMM_3109-scaled-1-2048x1366.jpg 2048w\" sizes=\"(max-width: 300px) 100vw, 300px\" \/>Explic\u00f3 que las v\u00edctimas fueron secuestradas y torturadas, revelando que hasta el momento se extrajeron aproximadamente unos 70 cuerpos que fueron asesinados entre 2012 y 2014.<\/p>\n<p style=\"text-align: justify;\">El general Mansour agreg\u00f3 que hay una extensi\u00f3n de la fosa com\u00fan y se seguir\u00e1 extrayendo los cuerpos de los m\u00e1rtires en cooperaci\u00f3n con la defensa civil y se llevar\u00e1n al Hospital Militar de Tishreen.<\/p>\n<p style=\"text-align: justify;\">Ayman Khalo, m\u00e9dico forense del Hospital Militar de Tishreen, se\u00f1al\u00f3 que se identific\u00f3 a dos de los cuerpos sacados de la fosa, y se\u00f1al\u00f3 que la mayor\u00eda de ellos fueron ejecutados por disparos en la cabeza y algunos fueron ejecutados estrangulados por un cable.<\/p>\n<p style=\"text-align: justify;\">Ghouta Oriental fue liberado con todas sus ciudades y pueblos de las organizaciones terroristas el 14 de abril del 2018 despu\u00e9s de sacar hacia Idleb a todos los terroristas que se concentraron en de la ciudad de Duma, el mayor feudo de ellos en Ghouta.<\/p>\n<p style=\"text-align: justify;\"><span style=\"color: #0000ff;\"><strong>F.M<\/strong><\/span><\/p>\n<div id='gallery-1' class='gallery galleryid-131207 gallery-columns-1 gallery-size-full'><figure class='gallery-item'>\n\t\t\t<div class='gallery-icon landscape'>\n\t\t\t\t<a href='https:\/\/archive.sana.sy\/es\/wp-content\/uploads\/2020\/02\/MMM_3001-scaled-1.jpg'><img loading=\"lazy\" decoding=\"async\" width=\"2560\" height=\"1707\" src=\"https:\/\/archive.sana.sy\/es\/wp-content\/uploads\/2020\/02\/MMM_3001-scaled-1.jpg\" class=\"attachment-full size-full\" alt=\"\" srcset=\"https:\/\/archive.sana.sy\/es\/wp-content\/uploads\/2020\/02\/MMM_3001-scaled-1.jpg 2560w, https:\/\/archive.sana.sy\/es\/wp-content\/uploads\/2020\/02\/MMM_3001-scaled-1-300x200.jpg 300w, https:\/\/archive.sana.sy\/es\/wp-content\/uploads\/2020\/02\/MMM_3001-scaled-1-1024x683.jpg 1024w, https:\/\/archive.sana.sy\/es\/wp-content\/uploads\/2020\/02\/MMM_3001-scaled-1-150x100.jpg 150w, https:\/\/archive.sana.sy\/es\/wp-content\/uploads\/2020\/02\/MMM_3001-scaled-1-768x512.jpg 768w, https:\/\/archive.sana.sy\/es\/wp-content\/uploads\/2020\/02\/MMM_3001-scaled-1-1536x1024.jpg 1536w, https:\/\/archive.sana.sy\/es\/wp-content\/uploads\/2020\/02\/MMM_3001-scaled-1-2048x1366.jpg 2048w\" sizes=\"(max-width: 2560px) 100vw, 2560px\" \/><\/a>\n\t\t\t<\/div><\/figure><figure class='gallery-item'>\n\t\t\t<div class='gallery-icon landscape'>\n\t\t\t\t<a href='https:\/\/archive.sana.sy\/es\/wp-content\/uploads\/2020\/02\/MMM_3009-scaled-1.jpg'><img loading=\"lazy\" decoding=\"async\" width=\"2560\" height=\"1707\" src=\"https:\/\/archive.sana.sy\/es\/wp-content\/uploads\/2020\/02\/MMM_3009-scaled-1.jpg\" class=\"attachment-full size-full\" alt=\"\" srcset=\"https:\/\/archive.sana.sy\/es\/wp-content\/uploads\/2020\/02\/MMM_3009-scaled-1.jpg 2560w, https:\/\/archive.sana.sy\/es\/wp-content\/uploads\/2020\/02\/MMM_3009-scaled-1-300x200.jpg 300w, https:\/\/archive.sana.sy\/es\/wp-content\/uploads\/2020\/02\/MMM_3009-scaled-1-1024x683.jpg 1024w, https:\/\/archive.sana.sy\/es\/wp-content\/uploads\/2020\/02\/MMM_3009-scaled-1-150x100.jpg 150w, https:\/\/archive.sana.sy\/es\/wp-content\/uploads\/2020\/02\/MMM_3009-scaled-1-768x512.jpg 768w, https:\/\/archive.sana.sy\/es\/wp-content\/uploads\/2020\/02\/MMM_3009-scaled-1-1536x1024.jpg 1536w, https:\/\/archive.sana.sy\/es\/wp-content\/uploads\/2020\/02\/MMM_3009-scaled-1-2048x1366.jpg 2048w\" sizes=\"(max-width: 2560px) 100vw, 2560px\" \/><\/a>\n\t\t\t<\/div><\/figure><figure class='gallery-item'>\n\t\t\t<div class='gallery-icon landscape'>\n\t\t\t\t<a href='https:\/\/archive.sana.sy\/es\/wp-content\/uploads\/2020\/02\/MMM_3043-scaled-1.jpg'><img loading=\"lazy\" decoding=\"async\" width=\"2560\" height=\"1707\" src=\"https:\/\/archive.sana.sy\/es\/wp-content\/uploads\/2020\/02\/MMM_3043-scaled-1.jpg\" class=\"attachment-full size-full\" alt=\"\" srcset=\"https:\/\/archive.sana.sy\/es\/wp-content\/uploads\/2020\/02\/MMM_3043-scaled-1.jpg 2560w, https:\/\/archive.sana.sy\/es\/wp-content\/uploads\/2020\/02\/MMM_3043-scaled-1-300x200.jpg 300w, https:\/\/archive.sana.sy\/es\/wp-content\/uploads\/2020\/02\/MMM_3043-scaled-1-1024x683.jpg 1024w, https:\/\/archive.sana.sy\/es\/wp-content\/uploads\/2020\/02\/MMM_3043-scaled-1-150x100.jpg 150w, https:\/\/archive.sana.sy\/es\/wp-content\/uploads\/2020\/02\/MMM_3043-scaled-1-768x512.jpg 768w, https:\/\/archive.sana.sy\/es\/wp-content\/uploads\/2020\/02\/MMM_3043-scaled-1-1536x1024.jpg 1536w, https:\/\/archive.sana.sy\/es\/wp-content\/uploads\/2020\/02\/MMM_3043-scaled-1-2048x1366.jpg 2048w\" sizes=\"(max-width: 2560px) 100vw, 2560px\" \/><\/a>\n\t\t\t<\/div><\/figure><figure class='gallery-item'>\n\t\t\t<div class='gallery-icon landscape'>\n\t\t\t\t<a href='https:\/\/archive.sana.sy\/es\/wp-content\/uploads\/2020\/02\/MMM_2982-660x330-1.jpg'><img loading=\"lazy\" decoding=\"async\" width=\"660\" height=\"330\" src=\"https:\/\/archive.sana.sy\/es\/wp-content\/uploads\/2020\/02\/MMM_2982-660x330-1.jpg\" class=\"attachment-full size-full\" alt=\"\" srcset=\"https:\/\/archive.sana.sy\/es\/wp-content\/uploads\/2020\/02\/MMM_2982-660x330-1.jpg 660w, https:\/\/archive.sana.sy\/es\/wp-content\/uploads\/2020\/02\/MMM_2982-660x330-1-300x150.jpg 300w, https:\/\/archive.sana.sy\/es\/wp-content\/uploads\/2020\/02\/MMM_2982-660x330-1-150x75.jpg 150w\" sizes=\"(max-width: 660px) 100vw, 660px\" \/><\/a>\n\t\t\t<\/div><\/figure>\n\t\t<\/div>\n\n","protected":false},"excerpt":{"rendered":"<p>Damasco, SANA Una unidad del ej\u00e9rcito \u00e1rabe sirio hall\u00f3 una fosa com\u00fan de civiles y militares que fueron ejecutados por grupos terroristas en la zona de las granjas Al-Ab, en el este de la regi\u00f3n de Ghouta Oriental al este de Damasco. El Comandante de la Polic\u00eda Militar en Damasco, el general de brigada Mohamed &hellip;<\/p>\n","protected":false},"author":34,"featured_media":131208,"comment_status":"closed","ping_status":"closed","sticky":false,"template":"","format":"standard","meta":{"footnotes":""},"categories":[447,597,573,476,7541],"tags":[],"class_list":["post-131207","post","type-post","status-publish","format-standard","has-post-thumbnail","","category-local-politica","category-cinta-de-noticias","category-la-realidad-de-los-acontecimientos-en-siria","category-locales","category-ultimas-noticias"],"_links":{"self":[{"href":"https:\/\/archive.sana.sy\/es\/index.php?rest_route=\/wp\/v2\/posts\/131207"}],"collection":[{"href":"https:\/\/archive.sana.sy\/es\/index.php?rest_route=\/wp\/v2\/posts"}],"about":[{"href":"https:\/\/archive.sana.sy\/es\/index.php?rest_route=\/wp\/v2\/types\/post"}],"author":[{"embeddable":true,"href":"https:\/\/archive.sana.sy\/es\/index.php?rest_route=\/wp\/v2\/users\/34"}],"replies":[{"embeddable":true,"href":"https:\/\/archive.sana.sy\/es\/index.php?rest_route=%2Fwp%2Fv2%2Fcomments&post=131207"}],"version-history":[{"count":0,"href":"https:\/\/archive.sana.sy\/es\/index.php?rest_route=\/wp\/v2\/posts\/131207\/revisions"}],"wp:featuredmedia":[{"embeddable":true,"href":"https:\/\/archive.sana.sy\/es\/index.php?rest_route=\/wp\/v2\/media\/131208"}],"wp:attachment":[{"href":"https:\/\/archive.sana.sy\/es\/index.php?rest_route=%2Fwp%2Fv2%2Fmedia&parent=131207"}],"wp:term":[{"taxonomy":"category","embeddable":true,"href":"https:\/\/archive.sana.sy\/es\/index.php?rest_route=%2Fwp%2Fv2%2Fcategories&post=131207"},{"taxonomy":"post_tag","embeddable":true,"href":"https:\/\/archive.sana.sy\/es\/index.php?rest_route=%2Fwp%2Fv2%2Ftags&post=131207"}],"curies":[{"name":"wp","href":"https:\/\/api.w.org\/{rel}","templated":true}]}}