{"id":131214,"date":"2020-02-17T06:51:59","date_gmt":"2020-02-17T04:51:59","guid":{"rendered":"http:\/\/sana.sy\/es\/?p=131214"},"modified":"2023-01-10T14:34:13","modified_gmt":"2023-01-10T12:34:13","slug":"celebraciones-en-alepo-por-las-victorias-del-ejercito-que-aseguro-por-completo-la-ciudad-fotos","status":"publish","type":"post","link":"https:\/\/archive.sana.sy\/es\/?p=131214","title":{"rendered":"Celebraciones en Alepo por las victorias del ej\u00e9rcito que asegur\u00f3 por completo la ciudad. (Fotos)"},"content":{"rendered":"<p style=\"text-align: justify\"><span style=\"color: #800000\"><strong>Alepo, SANA<\/strong><\/span><\/p>\n<p style=\"text-align: justify\">Los residentes de la ciudad de Alepo salieron hoy a las calles y plazas de su urbe en marchas espont\u00e1neas para festejar las victorias del ej\u00e9rcito \u00e1rabe sirio y su liberaci\u00f3n del terrorismo a todas las localidades al oeste y norte de la ciudad.<\/p>\n<p style=\"text-align: justify\">Asimismo, levantaron banderas nacionales, cantaron canciones patri\u00f3ticas y gritaron consignas que saludan al ej\u00e9rcito que asegur\u00f3 su ciudad tras acabar con la presencia terrorista en las zonas perif\u00e9ricas que serv\u00edan de plataforma para bombardear a <span style=\"color: #000000\">Alepo con cohete sy morteros.<\/span><\/p>\n<p><span style=\"color: #0000ff\"><strong>F.M<\/strong><\/span><\/p>\n<div id='gallery-1' class='gallery galleryid-131214 gallery-columns-1 gallery-size-full'><figure class='gallery-item'>\n\t\t\t<div class='gallery-icon landscape'>\n\t\t\t\t<a href='https:\/\/archive.sana.sy\/es\/wp-content\/uploads\/2020\/02\/ASP_6855-scaled-1.jpg'><img loading=\"lazy\" decoding=\"async\" width=\"2560\" height=\"1712\" src=\"https:\/\/archive.sana.sy\/es\/wp-content\/uploads\/2020\/02\/ASP_6855-scaled-1.jpg\" class=\"attachment-full size-full\" alt=\"\" srcset=\"https:\/\/archive.sana.sy\/es\/wp-content\/uploads\/2020\/02\/ASP_6855-scaled-1.jpg 2560w, https:\/\/archive.sana.sy\/es\/wp-content\/uploads\/2020\/02\/ASP_6855-scaled-1-300x201.jpg 300w, https:\/\/archive.sana.sy\/es\/wp-content\/uploads\/2020\/02\/ASP_6855-scaled-1-1024x685.jpg 1024w, https:\/\/archive.sana.sy\/es\/wp-content\/uploads\/2020\/02\/ASP_6855-scaled-1-150x100.jpg 150w, https:\/\/archive.sana.sy\/es\/wp-content\/uploads\/2020\/02\/ASP_6855-scaled-1-768x514.jpg 768w, https:\/\/archive.sana.sy\/es\/wp-content\/uploads\/2020\/02\/ASP_6855-scaled-1-1536x1027.jpg 1536w, https:\/\/archive.sana.sy\/es\/wp-content\/uploads\/2020\/02\/ASP_6855-scaled-1-2048x1370.jpg 2048w, https:\/\/archive.sana.sy\/es\/wp-content\/uploads\/2020\/02\/ASP_6855-scaled-1-110x75.jpg 110w\" sizes=\"(max-width: 2560px) 100vw, 2560px\" \/><\/a>\n\t\t\t<\/div><\/figure><figure class='gallery-item'>\n\t\t\t<div class='gallery-icon landscape'>\n\t\t\t\t<a href='https:\/\/archive.sana.sy\/es\/wp-content\/uploads\/2020\/02\/ASP_6836-scaled-1.jpg'><img loading=\"lazy\" decoding=\"async\" width=\"2560\" height=\"1677\" src=\"https:\/\/archive.sana.sy\/es\/wp-content\/uploads\/2020\/02\/ASP_6836-scaled-1.jpg\" class=\"attachment-full size-full\" alt=\"\" srcset=\"https:\/\/archive.sana.sy\/es\/wp-content\/uploads\/2020\/02\/ASP_6836-scaled-1.jpg 2560w, https:\/\/archive.sana.sy\/es\/wp-content\/uploads\/2020\/02\/ASP_6836-scaled-1-300x197.jpg 300w, https:\/\/archive.sana.sy\/es\/wp-content\/uploads\/2020\/02\/ASP_6836-scaled-1-1024x671.jpg 1024w, https:\/\/archive.sana.sy\/es\/wp-content\/uploads\/2020\/02\/ASP_6836-scaled-1-150x98.jpg 150w, https:\/\/archive.sana.sy\/es\/wp-content\/uploads\/2020\/02\/ASP_6836-scaled-1-768x503.jpg 768w, https:\/\/archive.sana.sy\/es\/wp-content\/uploads\/2020\/02\/ASP_6836-scaled-1-1536x1006.jpg 1536w, https:\/\/archive.sana.sy\/es\/wp-content\/uploads\/2020\/02\/ASP_6836-scaled-1-2048x1342.jpg 2048w\" sizes=\"(max-width: 2560px) 100vw, 2560px\" \/><\/a>\n\t\t\t<\/div><\/figure><figure class='gallery-item'>\n\t\t\t<div class='gallery-icon landscape'>\n\t\t\t\t<a href='https:\/\/archive.sana.sy\/es\/wp-content\/uploads\/2020\/02\/01-5-3-scaled-1.jpg'><img loading=\"lazy\" decoding=\"async\" width=\"2560\" height=\"1710\" src=\"https:\/\/archive.sana.sy\/es\/wp-content\/uploads\/2020\/02\/01-5-3-scaled-1.jpg\" class=\"attachment-full size-full\" alt=\"\" srcset=\"https:\/\/archive.sana.sy\/es\/wp-content\/uploads\/2020\/02\/01-5-3-scaled-1.jpg 2560w, https:\/\/archive.sana.sy\/es\/wp-content\/uploads\/2020\/02\/01-5-3-scaled-1-300x200.jpg 300w, https:\/\/archive.sana.sy\/es\/wp-content\/uploads\/2020\/02\/01-5-3-scaled-1-1024x684.jpg 1024w, https:\/\/archive.sana.sy\/es\/wp-content\/uploads\/2020\/02\/01-5-3-scaled-1-150x100.jpg 150w, https:\/\/archive.sana.sy\/es\/wp-content\/uploads\/2020\/02\/01-5-3-scaled-1-768x513.jpg 768w, https:\/\/archive.sana.sy\/es\/wp-content\/uploads\/2020\/02\/01-5-3-scaled-1-1536x1026.jpg 1536w, https:\/\/archive.sana.sy\/es\/wp-content\/uploads\/2020\/02\/01-5-3-scaled-1-2048x1368.jpg 2048w\" sizes=\"(max-width: 2560px) 100vw, 2560px\" \/><\/a>\n\t\t\t<\/div><\/figure>\n\t\t<\/div>\n\n","protected":false},"excerpt":{"rendered":"<p>Alepo, SANA Los residentes de la ciudad de Alepo salieron hoy a las calles y plazas de su urbe en marchas espont\u00e1neas para festejar las victorias del ej\u00e9rcito \u00e1rabe sirio y su liberaci\u00f3n del terrorismo a todas las localidades al oeste y norte de la ciudad. Asimismo, levantaron banderas nacionales, cantaron canciones patri\u00f3ticas y gritaron &hellip;<\/p>\n","protected":false},"author":34,"featured_media":131217,"comment_status":"closed","ping_status":"closed","sticky":false,"template":"","format":"standard","meta":{"footnotes":""},"categories":[447,597,573,476,583,7541],"tags":[],"class_list":["post-131214","post","type-post","status-publish","format-standard","has-post-thumbnail","","category-local-politica","category-cinta-de-noticias","category-la-realidad-de-los-acontecimientos-en-siria","category-locales","category-slide","category-ultimas-noticias"],"_links":{"self":[{"href":"https:\/\/archive.sana.sy\/es\/index.php?rest_route=\/wp\/v2\/posts\/131214"}],"collection":[{"href":"https:\/\/archive.sana.sy\/es\/index.php?rest_route=\/wp\/v2\/posts"}],"about":[{"href":"https:\/\/archive.sana.sy\/es\/index.php?rest_route=\/wp\/v2\/types\/post"}],"author":[{"embeddable":true,"href":"https:\/\/archive.sana.sy\/es\/index.php?rest_route=\/wp\/v2\/users\/34"}],"replies":[{"embeddable":true,"href":"https:\/\/archive.sana.sy\/es\/index.php?rest_route=%2Fwp%2Fv2%2Fcomments&post=131214"}],"version-history":[{"count":0,"href":"https:\/\/archive.sana.sy\/es\/index.php?rest_route=\/wp\/v2\/posts\/131214\/revisions"}],"wp:featuredmedia":[{"embeddable":true,"href":"https:\/\/archive.sana.sy\/es\/index.php?rest_route=\/wp\/v2\/media\/131217"}],"wp:attachment":[{"href":"https:\/\/archive.sana.sy\/es\/index.php?rest_route=%2Fwp%2Fv2%2Fmedia&parent=131214"}],"wp:term":[{"taxonomy":"category","embeddable":true,"href":"https:\/\/archive.sana.sy\/es\/index.php?rest_route=%2Fwp%2Fv2%2Fcategories&post=131214"},{"taxonomy":"post_tag","embeddable":true,"href":"https:\/\/archive.sana.sy\/es\/index.php?rest_route=%2Fwp%2Fv2%2Ftags&post=131214"}],"curies":[{"name":"wp","href":"https:\/\/api.w.org\/{rel}","templated":true}]}}