{"id":131240,"date":"2020-02-17T11:22:57","date_gmt":"2020-02-17T09:22:57","guid":{"rendered":"http:\/\/sana.sy\/es\/?p=131240"},"modified":"2023-01-10T15:34:45","modified_gmt":"2023-01-10T13:34:45","slug":"boletin-informativo-lunes-17-de-febrero-del-2020","status":"publish","type":"post","link":"https:\/\/archive.sana.sy\/es\/?p=131240","title":{"rendered":"Bolet\u00edn Informativo  Lunes, 17 de Febrero del 2020"},"content":{"rendered":"<p style=\"text-align: justify;\"><strong><span style=\"color: #800000;\">Damasco, SANA<\/span><\/strong><\/p>\n<p style=\"text-align: justify;\"><strong> Les ofrecemos a continuaci\u00f3n, un resumen de las m\u00e1s destacadas noticias de Siria publicadas por nuestra agencia:<\/strong><\/p>\n<p style=\"text-align: justify;\">Para actualizarse m\u00e1s de Siria y ver videos, fotos y reportajes en espa\u00f1ol s\u00edguenos en nuestro sitio <a href=\"https:\/\/www.sana.sy\/es\/\"><strong>https:\/\/www.sana.sy\/es\/<\/strong><\/a>, nuestras p\u00e1ginas en Facebook <a href=\"https:\/\/www.facebook.com\/SANA.Noticias\/\"><strong>https:\/\/www.facebook.com\/SANA.Noticias\/<\/strong><\/a><\/p>\n<p style=\"text-align: justify;\">\u00a0y en Twitter <a href=\"https:\/\/twitter.com\/SanaAgencia\"><strong>https:\/\/twitter.com\/SanaAgencia<\/strong><\/a><strong>.<\/strong><\/p>\n<p style=\"text-align: justify;\"><strong>Presidente al-Assad recibe a Larijani y reafirma que el pueblo sirio est\u00e1 determinado a liberar todo el territorio sirio del terrorismo<\/strong><\/p>\n<p style=\"text-align: justify;\">El presidente Bashar Al-Assad, recibi\u00f3 hoy a una delegaci\u00f3n del Consejo Consultivo de Ir\u00e1n encabezada por su presidente Ali Larijani.<\/p>\n<p style=\"text-align: justify;\">En la reuni\u00f3n, se repasaron los \u00e9xitos logrados por el ej\u00e9rcito \u00e1rabe sirio y sus aliados en la guerra contra las organizaciones terroristas en Idleb y Alepo, y se intercambi\u00f3 las felicitaciones por las victorias logradas recientemente y que llevaron a algunos pa\u00edses occidentales, a su frente Estados Unidos, a escalar sus posiciones hostiles hacia Siria e Ir\u00e1n.<\/p>\n<p style=\"text-align: justify;\">El presidente al-Assad hizo hincapi\u00e9 en que los pa\u00edses hostiles al pueblo sirio a\u00fan intentan proteger a los terroristas que toman a los civiles como rehenes y escudos humanos, y asegur\u00f3 que no se puede permitir que eso contin\u00fae a expensas de la vida, la seguridad y la estabilidad de los ciudadanos.<\/p>\n<p style=\"text-align: justify;\">El mandatario ratific\u00f3 que pueblo sirio est\u00e1 determinado a liberar todo el territorio sirio del terrorismo.<\/p>\n<p style=\"text-align: justify;\">Por su parte, Larijani reiter\u00f3 el continuo apoyo de su pa\u00eds a Siria en su empe\u00f1o para erradicar el terrorismo en todo el territorio nacional y destac\u00f3 la importancia de las recientes victorias contra los terroristas.<\/p>\n<p style=\"text-align: justify;\">Asimismo, expres\u00f3 su confianza en la capacidad del pueblo sirio para completar la liberaci\u00f3n de todas sus tierras y que Siria recupere su destacada posici\u00f3n en la regi\u00f3n.<\/p>\n<p style=\"text-align: justify;\">Las conversaciones abordaron tambi\u00e9n los desarrollos en la regi\u00f3n y el mundo a la luz de la pol\u00edtica de difusi\u00f3n del caos y la desestabilizaci\u00f3n que llevan a cabo algunos pa\u00edses occidentales, a su frente Estados Unidos.<\/p>\n<p style=\"text-align: justify;\">En este sentido, ambos lados coincidieron en la necesidad de concretar una acci\u00f3n conjunta para ampliar el c\u00edrculo de pa\u00edses que rechazan estas pol\u00edticas y la cooperaci\u00f3n con ellos para no permitir que el mundo se arrastrado a m\u00e1s guerras.<\/p>\n<p style=\"text-align: justify;\">Tambi\u00e9n, se trat\u00f3 el tema de las relaciones estrat\u00e9gicas entre los dos pa\u00edses, incluidas las parlamentarias, y la importancia de seguir fortaleci\u00e9ndolas, ya que demostraron ser esenciales para proteger a los dos pa\u00edses y alcanzar los intereses de sus pueblos.<\/p>\n<p style=\"text-align: justify;\"><strong>Siria e Ir\u00e1n repasan v\u00edas de impulsar la cooperaci\u00f3n econ\u00f3mica ante el bloqueo y las sanciones<\/strong><\/p>\n<p style=\"text-align: justify;\">El presidente del Consejo de Ministros, Imad Khamis, examin\u00f3 con una delegaci\u00f3n del Consejo Consultivo Isl\u00e1mico de Ir\u00e1n, encabezada por Ali Lariyani, presidente del Consejo, las v\u00edas para aumentar la cooperaci\u00f3n econ\u00f3mica entre Siria e Ir\u00e1n.<\/p>\n<p style=\"text-align: justify;\">Los reunidos abordaron la coordinaci\u00f3n entre los dos pa\u00edses a la luz del embargo econ\u00f3mico y las medidas coercitivas unilaterales impuestas y que apuntan contra los dos pueblos, sirio e iran\u00ed.<\/p>\n<p style=\"text-align: justify;\">Asimismo, subrayaron la necesidad de aumentar la cooperaci\u00f3n en los \u00e1mbitos comercial, de inversi\u00f3n, transporte e infraestructura, y debatieron adem\u00e1s la participaci\u00f3n de empresas y hombres de negocios iran\u00edes en la reconstrucci\u00f3n de Siria y la creaci\u00f3n de una zona econ\u00f3mica conjunta y otra para la inversi\u00f3n iran\u00ed en Siria.<\/p>\n<p style=\"text-align: justify;\">\u201cLas relaciones distinguidas entre Siria e ir\u00e1n en todos los niveles representan un modelo para las relaciones de hermandad\u201d, enfatiz\u00f3 Khamis, y manifest\u00f3 su aprecio por la postura iran\u00ed en apoyo a Siria en su lucha contra el terrorismo.<\/p>\n<p style=\"text-align: justify;\">\n<p style=\"text-align: justify;\">A su vez, Lariyani destac\u00f3 la necesidad de impulsar el intercambio comercial entre los dos pa\u00edses y proporcionar todo tipo de facilitaciones a los actores econ\u00f3micos para crear proyectos conjuntos.<\/p>\n<p style=\"text-align: justify;\">Sabbag y Larijani ratifican s\u00f3lida alianza estrat\u00e9gica entre Siria e Ir\u00e1n de cara al terrorismo<\/p>\n<p style=\"text-align: justify;\">Damasco, SANA<\/p>\n<p style=\"text-align: justify;\">El presidente del Parlamento sirio, Hammoudah Sabbag, examin\u00f3 con Ali Lariyani, presidente del Consejo de la Shura Isl\u00e1mica de Ir\u00e1n y la delegaci\u00f3n que le acompa\u00f1a, las relaciones parlamentarias y las v\u00edas de fortalecer la cooperaci\u00f3n con el fin de aumentar el intercambio comercial entre ambos pa\u00edses.<\/p>\n<p style=\"text-align: justify;\">Sabbagh se\u00f1al\u00f3 durante el encuentro la fuerte alianza estrat\u00e9gica entre Siria e Ir\u00e1n en la lucha contra el terrorismo.<\/p>\n<p style=\"text-align: justify;\">Lariyani, a su vez, alab\u00f3 la firmeza del pueblo sirio y las victorias logradas por el ej\u00e9rcito sirio sobre el terrorismo y reiter\u00f3 el apoyo de su pa\u00eds a Siria en todos los \u00e1mbitos.<\/p>\n<p style=\"text-align: justify;\">Tras la reuni\u00f3n, Sabbagh y Lariyani celebraron una conferencia de prensa, en la que el presidente del parlamento sirio destac\u00f3 que Siria e Ir\u00e1n liberan una batalla en contra de las potencias hegem\u00f3nicas y el sionismo.<\/p>\n<p style=\"text-align: justify;\">Por su parte, Lariyani dijo que las conversaciones que sostuvo con el presidente Al-Assad abordaron el fortalecimiento de las relaciones econ\u00f3micas entre Siria e Ir\u00e1n.<\/p>\n<p style=\"text-align: justify;\">En cuanto a la reconstrucci\u00f3n de Siria, el presidente del Consejo de la Shura Isl\u00e1mica de Ir\u00e1n afirm\u00f3 que el sector de las obras p\u00fablicas iran\u00ed est\u00e1 dispuesto a apoyar a siria en este.<\/p>\n<p style=\"text-align: justify;\"><strong>Ej\u00e9rcito libera decenas de localidades al oeste y noroeste de Alepo y la alegr\u00eda reina en la capital provincial<\/strong><\/p>\n<p style=\"text-align: justify;\">Tras una serie de intensos operativos contra las organizaciones terroristas, el ej\u00e9rcito \u00e1rabe sirio liber\u00f3 a decenas de poblados, localidades y zonas al oeste y noroeste de la ciudad de Alepo, situada a 365 km al norte de la capital Damasco.<\/p>\n<p style=\"text-align: justify;\">Entre las localidades liberadas figuran Hereitan, Anadan, Hayyan, Maaret Artik, Kafer Dael, Lairamoun, entre otras.<\/p>\n<p style=\"text-align: justify;\">El corresponsal de SANA report\u00f3 que las operaciones precisas y la rigurosa planificaci\u00f3n llevaron a grandes p\u00e9rdidas en las filas de los armados y su huida de sus \u00e1reas de despliegue ante el avance del ej\u00e9rcito.<\/p>\n<p style=\"text-align: justify;\">Al recibir la noticia de las victorias del ej\u00e9rcito, los habitantes de Alepo tomaron las calles para expresar su alegr\u00eda por la seguridad lograda para la ciudad de Alepo gracias a los sacrificios del ej\u00e9rcito \u00e1rabe sirio.<\/p>\n<p style=\"text-align: justify;\">El reportero se\u00f1al\u00f3 que los zapadores comenzaron las operaciones de peinado a gran escala en Khan al-Asal y al-Mansoura para desmantelar bombas y minas remanentes en paralelo con el despliegue de las fuerzas de seguridad internas con el fin de mantener la seguridad.<\/p>\n<p style=\"text-align: justify;\">En el sur de Idleb, unidades del ej\u00e9rcito liberaron la aldea de Al-Rakaya, al noroeste de la ciudad de Khan Sheikhoun, despu\u00e9s de una r\u00e1pida operaci\u00f3n que result\u00f3 en la derrota de los armados.<\/p>\n<p style=\"text-align: justify;\"><strong>Celebraciones en Alepo por las victorias del ej\u00e9rcito que asegur\u00f3 la ciudad<\/strong><\/p>\n<p style=\"text-align: justify;\">Los residentes de la ciudad de Alepo salieron hoy a las calles y plazas de su urbe en marchas espont\u00e1neas para festejar las victorias del ej\u00e9rcito \u00e1rabe sirio y su liberaci\u00f3n del terrorismo a todas las localidades al oeste y norte de la ciudad.<\/p>\n<p style=\"text-align: justify;\">Asimismo, levantaron banderas nacionales, cantaron canciones patri\u00f3ticas y gritaron consignas que saludan al ej\u00e9rcito que asegur\u00f3 su ciudad tras acabar con la presencia terrorista en las zonas perif\u00e9ricas que serv\u00edan de plataforma para bombardear a Alepo con cohetes y morteros.<\/p>\n<p style=\"text-align: justify;\"><strong>Gabinete pide intensificar esfuerzos para poner en servicio a la autopista Damasco-Alepo<\/strong><\/p>\n<p style=\"text-align: justify;\">En su sesi\u00f3n semanal encabezada por el Primer Ministro, Imad Khamis, el Gabinete pidi\u00f3 intensificar los esfuerzos de los ministerios de Transporte y Administraci\u00f3n Municipal para poner en servicio la carretera entre Damasco y Alepo, liberada recientemente por el Ej\u00e9rcito \u00c1rabe Sirio.<\/p>\n<p style=\"text-align: justify;\">Tambi\u00e9n, dio instrucciones al Ministerio de Electricidad para que comience de inmediato las obras de rehabilitaci\u00f3n del sistema el\u00e9ctrico en las zonas liberadas y la l\u00ednea de alta tensi\u00f3n entre Hama y Alepo.<\/p>\n<p style=\"text-align: justify;\">Por otro lado, se form\u00f3 un grupo de trabajo para evaluar los da\u00f1os en la zona industrial de Zerbeh al sur de Alepo, y se aprob\u00f3 un paquete de incentivos para alentar a los propietarios de las instalaciones industriales a volver y reanudar su producci\u00f3n.<\/p>\n<p style=\"text-align: justify;\">El Ejecutivo pidi\u00f3 adem\u00e1s revivir la actividad tur\u00edstica, industrial y agr\u00edcola a lo largo de la carretera internacional.<\/p>\n<p style=\"text-align: justify;\"><strong>Neutralizados electr\u00f3nicamente cinco drones que intentaban bombardear la refiner\u00eda de Homs<\/strong><\/p>\n<p style=\"text-align: justify;\">Ej\u00e9rcito \u00e1rabe sirio neutraliz\u00f3 electr\u00f3nicamente a cinco drones que intentaban bombardear la refiner\u00eda de petr\u00f3leo de Homs.<\/p>\n<p style=\"text-align: justify;\">Seg\u00fan el corresponsal de SANA, los drones fueron obligados a aterrizar tras neutralizar sus sistemas\u00a0\u00a0electr\u00f3nicos.<\/p>\n<p style=\"text-align: justify;\">Anteriormente en el d\u00eda de hoy,\u00a0\u00a0las instalaciones de la central el\u00e9ctrica de Maharda, en el norte de la provincia de Hama, fueron atacadas con drones terroristas, lo que provoc\u00f3 da\u00f1os materiales.<\/p>\n<p style=\"text-align: justify;\">A principios del mes en curso, tres plantas de gas y la misma refiner\u00eda de petr\u00f3leo en la provincia de Homs fueron blancos de ataques terroristas con drones, que provocaron incendios y da\u00f1os materiales.<\/p>\n<p style=\"text-align: justify;\"><strong>Protestas en Deir Ezzor en contra de fuerzas de ocupaci\u00f3n de EE.UU<\/strong><\/p>\n<p style=\"text-align: justify;\">Los habitantes del poblado Sefiera salieron en una manifestaci\u00f3n para protestar contra la presencia de las fuerzas estadounidense en Siria.<\/p>\n<p style=\"text-align: justify;\">Seg\u00fan fuentes locales, los residentes del referido poblado denunciaron las pr\u00e1cticas de las Fuerzas Democr\u00e1ticas Sirias (FDS) y exhortaron la salida de las fuerzas de ocupaci\u00f3n estadounidense.<\/p>\n<p style=\"text-align: justify;\">\u201cLos manifestantes procedieron a cortar la carretera entre Raqa y Deir Ezzor con neum\u00e1ticos encendidos\u201d, indicaron las fuentes.<\/p>\n<p style=\"text-align: justify;\">En otro contexto, EE.UU ingres\u00f3 un nuevo convoy conformado por 44 veh\u00edculos y camiones cargados con materiales log\u00edsticos y militares a la ciudad de Qamishli.<\/p>\n<p style=\"text-align: justify;\">El convoy, seg\u00fan activistas locales, entr\u00f3 en territorio sirio proveniente de Irak, y se dirigi\u00f3 a la base ilegal de \u201cKharab Yaber\u201d, ubicada en la ciudad de Malikieh y a la base ilegal de \u201cHimo\u201d, situada cerca de la ciudad de Qamishli.<\/p>\n<p style=\"text-align: justify;\">A todo ello, las fuerzas de ocupaci\u00f3n turcas y sus mercenarios terroristas movilizaron veh\u00edculos militares desde el poblado de Tal Berir hacia los poblados de Mnakh, Qasimieh, y Rashidieh, los cuales se encuentran en las primeras l\u00edneas de enfrentamiento.<\/p>\n<p style=\"text-align: justify;\"><strong>Hallan fosa com\u00fan de decenas de civiles y militares asesinados por terroristas en Ghouta Oriental<\/strong><\/p>\n<p style=\"text-align: justify;\">Una unidad del ej\u00e9rcito \u00e1rabe sirio hall\u00f3 una fosa com\u00fan de civiles y militares que fueron ejecutados por grupos terroristas en la zona de las granjas Al-Ab, en el este de la regi\u00f3n de Ghouta Oriental al este de Damasco.<\/p>\n<p style=\"text-align: justify;\">El Comandante de la Polic\u00eda Militar en Damasco, el general de brigada Mohamed Mansour, dijo que tras recibir informaciones de fuentes civiles, se descubri\u00f3 la fosa que contiene cuerpos civiles y militares, incluida una mujer, y todos fueron esposados y ejecutados por los grupos terroristas.<\/p>\n<p style=\"text-align: justify;\">Explic\u00f3 que las v\u00edctimas fueron secuestradas y torturadas, revelando que hasta el momento se extrajeron aproximadamente unos 70 cuerpos que fueron asesinados entre 2012 y 2014.<\/p>\n<p style=\"text-align: justify;\">El general Mansour agreg\u00f3 que hay una extensi\u00f3n de la fosa com\u00fan y se seguir\u00e1 extrayendo los cuerpos de los m\u00e1rtires en cooperaci\u00f3n con la defensa civil y se llevar\u00e1n al Hospital Militar de Tishreen.<\/p>\n<p style=\"text-align: justify;\">Ayman Khalo, m\u00e9dico forense del Hospital Militar de Tishreen, se\u00f1al\u00f3 que se identific\u00f3 a dos de los cuerpos sacados de la fosa, y se\u00f1al\u00f3 que la mayor\u00eda de ellos fueron ejecutados por disparos en la cabeza y algunos fueron ejecutados estrangulados por un cable.<\/p>\n<p style=\"text-align: justify;\">Ghouta Oriental fue liberado con todas sus ciudades y pueblos de las organizaciones terroristas el 14 de abril del 2018 despu\u00e9s de sacar hacia Idleb a todos los terroristas que se concentraron en de la ciudad de Duma, el mayor feudo de ellos en Ghouta.<\/p>\n<p style=\"text-align: justify;\"><strong>Declaraci\u00f3n final de la Conferencia de Trabajadores llama a seguir la lucha para romper el bloqueo contra el pueblo sirio<\/strong><\/p>\n<p style=\"text-align: justify;\">La declaraci\u00f3n final emitida en la clausura de la 27\u00aa Conferencia de la Federaci\u00f3n de Sindicatos de Trabajadores llam\u00f3 a seguir trabajando y luchando con todos los medios disponibles para romper el injusto bloqueo econ\u00f3mico y las medidas coercitivas impuestas al pueblo sirio.<\/p>\n<p style=\"text-align: justify;\">El texto ratific\u00f3 la ilimitada solidaridad de los trabajadores sirios con los trabajadores de Palestina en su enfrentamiento al llamado Acuerdo del Siglo.<\/p>\n<p style=\"text-align: justify;\">Los participantes convocaron a una campa\u00f1a amplia y en todos los niveles para defender y apoyar la lucha de Siria para recuperar el Gol\u00e1n ocupado y obligar a las autoridades de ocupaci\u00f3n israel\u00edes a cumplir con las resoluciones internacionales.<\/p>\n<p style=\"text-align: justify;\">Asimismo, instaron a seguir ampliando y reforzando las relaciones de cooperaci\u00f3n y lucha existentes entre los trabajadores sirios y las organizaciones sindicales nacionales, regionales e internacionales.<\/p>\n<p style=\"text-align: justify;\">\u201cEs necesario apoyar la unidad del movimiento laboral mundial, fortalecer la unidad de los trabajadores \u00e1rabes y reforzar la solidaridad con los trabajadores y pueblos del mundo que luchan contra las pol\u00edticas de agresi\u00f3n, explotaci\u00f3n y las crecientes tendencias coloniales\u201d concluy\u00f3 la declaraci\u00f3n.<\/p>\n<p style=\"text-align: justify;\"><span style=\"color: #000000;\"><strong>Inicia conferencia general de la Federaci\u00f3n del Deporte<\/strong><\/span><\/p>\n<p style=\"text-align: justify;\">Bajo el lema &#8220;El deporte es acto y logro para mantener en alto la bandera de la patria\u201d, arranc\u00f3 hoy la d\u00e9cimo Conferencia General de la Federaci\u00f3n del Deporte en la que participan 443 delegados.<\/p>\n<p style=\"text-align: justify;\">En un discurso durante la apertura, el subsecretario general del Partido Baath \u00c1rabe Socialista, Hilal Al-Hilal, destac\u00f3 la importancia de los logros deportivos alcanzados por los atletas sirios en los diferentes foros deportivos internacionales.<\/p>\n<p style=\"text-align: justify;\">Destac\u00f3 el inter\u00e9s de los jugadores sirios en el desarrollo de las diferentes disciplinas del deporte, ya que eso promueve la pertenencia a la patria.<\/p>\n<p style=\"text-align: justify;\">\u201cLos logros de los atletas sirios complementan las victorias del ej\u00e9rcito en su guerra contra el terrorismo\u201d, opin\u00f3.<\/p>\n<p style=\"text-align: justify;\">A su vez, el presidente de la Federaci\u00f3n de Deportes,\u00a0 Muafak Jumaa, explic\u00f3 que a pesar de las dif\u00edciles circunstancias que vivi\u00f3 el pa\u00eds durante los \u00faltimos a\u00f1os, los atletas sirios participaron en campeonatos internacionales y pudieron obtener mil 534 medallas e izar la bandera siria.<\/p>\n<p style=\"text-align: justify;\"><strong>Acto de solidaridad en Sweida con los residentes del Gol\u00e1n sirio ocupado<\/strong><\/p>\n<p style=\"text-align: justify;\">Con la participaci\u00f3n de figuras populares y oficiales, se organiz\u00f3 en la provincia sure\u00f1a de Sweida, un acto solidario con los compatriotas en el Gol\u00e1n sirio ocupado para conmemorar el trig\u00e9simo octavo aniversario de la huelga general contra la decisi\u00f3n del ocupante israel\u00ed de anexar el Gol\u00e1n.<\/p>\n<p style=\"text-align: justify;\">La actividad fue organizada por la Asociaci\u00f3n de los Hijos del Gol\u00e1n, en el Centro Cultural \u00c1rabe en la cabecera provincial.<\/p>\n<p style=\"text-align: justify;\"><strong>Arranca campa\u00f1a nacional de vacunaci\u00f3n contra la poliomielitis<\/strong><\/p>\n<p style=\"text-align: justify;\">El Ministerio de Salud lanz\u00f3 hoy su primera campa\u00f1a nacional de vacunaci\u00f3n contra la poliomielitis para el a\u00f1o en curso y que durar\u00e1 hasta el pr\u00f3ximo jueves.<\/p>\n<p style=\"text-align: justify;\">La campa\u00f1a se lleva a cabo a trav\u00e9s de 967 centros de salud fijos y dos mil 336 equipos m\u00f3viles, y abarca a m\u00e1s de dos millones 800 mil ni\u00f1os de uno a cinco a\u00f1os de edad, independientemente de sus vacunas anteriores.<\/p>\n<p style=\"text-align: justify;\">Unos 8 mil 800 trabajadores llevan a cabo la vacunaci\u00f3n hasta en las aldeas reci\u00e9n liberadas del terrorismo en Alepo e Idleb.<\/p>\n<p style=\"text-align: justify;\">El Ministerio de Salud lleva a cabo anualmente dos campa\u00f1as nacionales de vacunaci\u00f3n contra la poliomielitis, y la campa\u00f1a de octubre pasado lleg\u00f3 al 91 por ciento de los ni\u00f1os.<\/p>\n<p style=\"text-align: justify;\">Siria fue declarada por primera vez libre de poliomielitis en 1995 y en 2013 se detectaron casos de polio de origen pakistan\u00ed que transmitieron terroristas extranjeros. A ra\u00edz de eso, el Ministerio de Salud lanz\u00f3 una serie de campa\u00f1as nacionales de vacunaci\u00f3n y no se reportaron nuevos casos desde el comienzo de 2014.<\/p>\n<p style=\"text-align: justify;\"><strong>Inicia conferencia general de la Federaci\u00f3n del Deporte<\/strong><\/p>\n<p style=\"text-align: justify;\">Bajo el lema \u201cEl deporte es acto y logro para mantener en alto la bandera de la patria\u201d, arranc\u00f3 hoy la d\u00e9cimo Conferencia General de la Federaci\u00f3n del Deporte en la que participan 443 delegados.<\/p>\n<p style=\"text-align: justify;\">En un discurso durante la apertura, el subsecretario general del Partido Baath \u00c1rabe Socialista, Hilal Al-Hilal, destac\u00f3 la importancia de los logros deportivos alcanzados por los atletas sirios en los diferentes foros deportivos internacionales.<\/p>\n<p style=\"text-align: justify;\">Destac\u00f3 el inter\u00e9s de los jugadores sirios en el desarrollo de las diferentes disciplinas del deporte, ya que eso promueve la pertenencia a la patria.<\/p>\n<p style=\"text-align: justify;\">\u201cLos logros de los atletas sirios complementan las victorias del ej\u00e9rcito en su guerra contra el terrorismo\u201d, opin\u00f3.<\/p>\n<p style=\"text-align: justify;\">A su vez, el presidente de la Federaci\u00f3n de Deportes,\u00a0 Muafak Jumaa, explic\u00f3 que a pesar de las dif\u00edciles circunstancias que vivi\u00f3 el pa\u00eds durante los \u00faltimos a\u00f1os, los atletas sirios participaron en campeonatos internacionales y pudieron obtener mil 534 medallas e izar la bandera siria.<\/p>\n<p style=\"text-align: justify;\"><strong>Capit\u00e1n mutilado del ej\u00e9rcito desaf\u00eda su herida y siembra cinco mil \u00e1rboles<\/strong><\/p>\n<p style=\"text-align: justify;\">El capit\u00e1n Ali Mohsen, originario del municipio de Messyaf en la provincia central de Hama, result\u00f3 herido durante los operativos antiterroristas del ej\u00e9rcito y perdi\u00f3 a su pierna.<\/p>\n<p style=\"text-align: justify;\">Mohsen no se dio por vencido ante su discapacidad y lanz\u00f3 una iniciativa bajo el lema: &#8220;nuestras heridas fructifican esperanza&#8221; para sembrar 5000 \u00e1rboles en zonas forestales que sufrieron da\u00f1os por los incendios por la guerra.<\/p>\n<p style=\"text-align: justify;\">El capit\u00e1n explic\u00f3 a la agencia SANA que su iniciativa es individual y la comenz\u00f3 el d\u00eda 5 de diciembre del 2019 bajo auspicios del ministerio de Agricultura.<\/p>\n<p style=\"text-align: justify;\">Asegur\u00f3 que hasta la fecha, sembr\u00f3 m\u00e1s de 4000 \u00e1rboles sobre un \u00e1rea de siete hect\u00e1reas.<\/p>\n<p style=\"text-align: justify;\">Tenemos planes para lanzar otra campa\u00f1a pero esta vez ser\u00e1 colectiva y en cooperaci\u00f3n con la Federaci\u00f3n General de Deportes y se llevar\u00e1 a cabo en las provincias de Hama, Homs, Tartous, Latakia y Damasco, acot\u00f3 el oficial.<\/p>\n<p style=\"text-align: justify;\">La discapacidad no pude acabar con los deseo de vivir de Ali Mohsen como todos los dem\u00e1s sirios que, d\u00eda tras d\u00eda, afirman que pueden superar todos los desaf\u00edos y seguir construyendo y fortaleciendo su patria.<\/p>\n<p style=\"text-align: justify;\"><strong>Capit\u00e1n mutilado del ej\u00e9rcito desaf\u00eda su herida y siembra cinco mil \u00e1rboles<\/strong><\/p>\n<p style=\"text-align: justify;\">Con la participaci\u00f3n de Siria, comenz\u00f3 en el Centro de Comercio Internacional de Dub\u00e1i, la 25\u00aa edici\u00f3n de la Feria de Alimentos Golfood 2020, considerada una de las mayores ferias especializadas en alimentos del mundo.<\/p>\n<p style=\"text-align: justify;\">En el evento, participan m\u00e1s de 5.000 expositores de 189 pa\u00edses de todo el mundo y forma una oportunidad para que las empresas sirias encuentren alianzas con empresas internacionales y promocionen\u00a0 productos alimenticios de fabricaci\u00f3n local.<\/p>\n<p style=\"text-align: justify;\">Ibrahim Medeh, gerente general de la Autoridad de Apoyo a la Producci\u00f3n Local y la Exportaci\u00f3n, explic\u00f3 que 22 empresas sirias participan en la exposici\u00f3n con alimentos enlatados de todo tipo, caf\u00e9, bebidas calientes, aceite de oliva, galletas, dulces y frutas que son productos de alta calidad y competitividad.<\/p>\n<p style=\"text-align: justify;\"><strong>Marchan armenios en agradecimiento a Siria por reconocer el genocidio armenio<\/strong><\/p>\n<p style=\"text-align: justify;\">Partido y organizaciones armenias organizaron en la capital Erev\u00e1n, una marcha de agradecimiento a Siria despu\u00e9s de que la Asamblea del Pueblo adoptara por unanimidad una resoluci\u00f3n que condena y reconoce el crimen de genocidio cometido por el Imperio Otomano contra los armenios.<\/p>\n<p style=\"text-align: justify;\">La marcha comenz\u00f3 desde la Casa de la \u00d3pera de Erev\u00e1n hasta la sede de la embajada siria, y los participantes levantaron banderas sirias y armenias.<\/p>\n<p style=\"text-align: justify;\">Los integrantes de la comunidad siria residente en Armenia afirmaron que la decisi\u00f3n del parlamento de condenar el genocidio armenio apoya los derechos del pueblo armenio y contribuye a impedir que se cometan semejantes cr\u00edmenes contra los pueblos.<\/p>\n<p style=\"text-align: justify;\">El 13 de este mes, la Asamblea del Pueblo (parlamento) adopt\u00f3 por unanimidad una resoluci\u00f3n que condena y reconoce el crimen de genocidio cometido contra los armenios por el Imperio Otomano a principios del siglo XX.<\/p>\n<p style=\"text-align: justify;\"><span style=\"color: #3366ff;\"><strong>Cont\u00e1ctenos: <\/strong><\/span><\/p>\n<p style=\"text-align: justify;\"><span style=\"color: #3366ff;\"><strong>agenciasanadenoticias<\/strong><strong>@<\/strong><strong>gmail.com<\/strong><\/span><\/p>\n<p style=\"text-align: justify;\"><span style=\"color: #3366ff;\"><strong>Tel\u00e9fono: 00 963 11 5490700<\/strong><\/span><\/p>\n","protected":false},"excerpt":{"rendered":"<p>Damasco, SANA Les ofrecemos a continuaci\u00f3n, un resumen de las m\u00e1s destacadas noticias de Siria publicadas por nuestra agencia: Para actualizarse m\u00e1s de Siria y ver videos, fotos y reportajes en espa\u00f1ol s\u00edguenos en nuestro sitio https:\/\/www.sana.sy\/es\/, nuestras p\u00e1ginas en Facebook https:\/\/www.facebook.com\/SANA.Noticias\/ \u00a0y en Twitter https:\/\/twitter.com\/SanaAgencia. Presidente al-Assad recibe a Larijani y reafirma que el &hellip;<\/p>\n","protected":false},"author":32,"featured_media":131241,"comment_status":"closed","ping_status":"closed","sticky":false,"template":"","format":"standard","meta":{"footnotes":""},"categories":[447,555],"tags":[],"class_list":["post-131240","post","type-post","status-publish","format-standard","has-post-thumbnail","","category-local-politica","category-prensa"],"_links":{"self":[{"href":"https:\/\/archive.sana.sy\/es\/index.php?rest_route=\/wp\/v2\/posts\/131240"}],"collection":[{"href":"https:\/\/archive.sana.sy\/es\/index.php?rest_route=\/wp\/v2\/posts"}],"about":[{"href":"https:\/\/archive.sana.sy\/es\/index.php?rest_route=\/wp\/v2\/types\/post"}],"author":[{"embeddable":true,"href":"https:\/\/archive.sana.sy\/es\/index.php?rest_route=\/wp\/v2\/users\/32"}],"replies":[{"embeddable":true,"href":"https:\/\/archive.sana.sy\/es\/index.php?rest_route=%2Fwp%2Fv2%2Fcomments&post=131240"}],"version-history":[{"count":0,"href":"https:\/\/archive.sana.sy\/es\/index.php?rest_route=\/wp\/v2\/posts\/131240\/revisions"}],"wp:featuredmedia":[{"embeddable":true,"href":"https:\/\/archive.sana.sy\/es\/index.php?rest_route=\/wp\/v2\/media\/131241"}],"wp:attachment":[{"href":"https:\/\/archive.sana.sy\/es\/index.php?rest_route=%2Fwp%2Fv2%2Fmedia&parent=131240"}],"wp:term":[{"taxonomy":"category","embeddable":true,"href":"https:\/\/archive.sana.sy\/es\/index.php?rest_route=%2Fwp%2Fv2%2Fcategories&post=131240"},{"taxonomy":"post_tag","embeddable":true,"href":"https:\/\/archive.sana.sy\/es\/index.php?rest_route=%2Fwp%2Fv2%2Ftags&post=131240"}],"curies":[{"name":"wp","href":"https:\/\/api.w.org\/{rel}","templated":true}]}}