{"id":131273,"date":"2020-02-17T16:43:25","date_gmt":"2020-02-17T14:43:25","guid":{"rendered":"http:\/\/sana.sy\/es\/?p=131273"},"modified":"2023-01-10T14:34:13","modified_gmt":"2023-01-10T12:34:13","slug":"ejercito-continua-sus-avances-al-oeste-de-alepo-y-libera-tres-nuevas-localidades","status":"publish","type":"post","link":"https:\/\/archive.sana.sy\/es\/?p=131273","title":{"rendered":"Ej\u00e9rcito contin\u00faa sus avances al oeste de Alepo y libera tres nuevas localidades"},"content":{"rendered":"<p style=\"text-align: justify\"><span style=\"color: #800000\"><strong>Alepo, SANA<\/strong><\/span><\/p>\n<p style=\"text-align: justify\">El Ej\u00e9rcito \u00c1rabe Sirio prosigui\u00f3 sus operativos militares antiterroristas y logr\u00f3 nuevos avances al liberar tres localidades en el oeste de la provincia de Alepo, 365 km al norte de la capital Damasco.<\/p>\n<p style=\"text-align: justify\">El corresponsal de SANA report\u00f3 que los militares liberaron del terrorismo a las localidades de Bastroun, Hour y Anyara.<\/p>\n<p style=\"text-align: justify\">Agreg\u00f3 que las unidades militares bombardearon con artiller\u00eda y cohetes a los bastiones terroristas\u00a0 restantes en las zonas del oeste y nordeste de la provincia.<\/p>\n<p style=\"text-align: justify\">La Comandancia General del Ej\u00e9rcito y las Fuerzas Armadas hab\u00eda anunciado hoy la liberaci\u00f3n de decenas de ciudades y poblados al sur y oeste de la ciudad de Alepo y poner fin as\u00ed a la pesadilla del terrorismo en esta urbe.<\/p>\n<p style=\"text-align: justify\"><strong><span style=\"color: #0000ff\">F.M<\/span><\/strong><\/p>\n","protected":false},"excerpt":{"rendered":"<p>Alepo, SANA El Ej\u00e9rcito \u00c1rabe Sirio prosigui\u00f3 sus operativos militares antiterroristas y logr\u00f3 nuevos avances al liberar tres localidades en el oeste de la provincia de Alepo, 365 km al norte de la capital Damasco. El corresponsal de SANA report\u00f3 que los militares liberaron del terrorismo a las localidades de Bastroun, Hour y Anyara. Agreg\u00f3 &hellip;<\/p>\n","protected":false},"author":34,"featured_media":131274,"comment_status":"closed","ping_status":"closed","sticky":false,"template":"","format":"standard","meta":{"footnotes":""},"categories":[447,597,573,476,7541],"tags":[],"class_list":["post-131273","post","type-post","status-publish","format-standard","has-post-thumbnail","","category-local-politica","category-cinta-de-noticias","category-la-realidad-de-los-acontecimientos-en-siria","category-locales","category-ultimas-noticias"],"_links":{"self":[{"href":"https:\/\/archive.sana.sy\/es\/index.php?rest_route=\/wp\/v2\/posts\/131273"}],"collection":[{"href":"https:\/\/archive.sana.sy\/es\/index.php?rest_route=\/wp\/v2\/posts"}],"about":[{"href":"https:\/\/archive.sana.sy\/es\/index.php?rest_route=\/wp\/v2\/types\/post"}],"author":[{"embeddable":true,"href":"https:\/\/archive.sana.sy\/es\/index.php?rest_route=\/wp\/v2\/users\/34"}],"replies":[{"embeddable":true,"href":"https:\/\/archive.sana.sy\/es\/index.php?rest_route=%2Fwp%2Fv2%2Fcomments&post=131273"}],"version-history":[{"count":0,"href":"https:\/\/archive.sana.sy\/es\/index.php?rest_route=\/wp\/v2\/posts\/131273\/revisions"}],"wp:featuredmedia":[{"embeddable":true,"href":"https:\/\/archive.sana.sy\/es\/index.php?rest_route=\/wp\/v2\/media\/131274"}],"wp:attachment":[{"href":"https:\/\/archive.sana.sy\/es\/index.php?rest_route=%2Fwp%2Fv2%2Fmedia&parent=131273"}],"wp:term":[{"taxonomy":"category","embeddable":true,"href":"https:\/\/archive.sana.sy\/es\/index.php?rest_route=%2Fwp%2Fv2%2Fcategories&post=131273"},{"taxonomy":"post_tag","embeddable":true,"href":"https:\/\/archive.sana.sy\/es\/index.php?rest_route=%2Fwp%2Fv2%2Ftags&post=131273"}],"curies":[{"name":"wp","href":"https:\/\/api.w.org\/{rel}","templated":true}]}}