{"id":131394,"date":"2020-02-18T11:00:51","date_gmt":"2020-02-18T09:00:51","guid":{"rendered":"http:\/\/sana.sy\/es\/?p=131394"},"modified":"2023-01-10T15:34:45","modified_gmt":"2023-01-10T13:34:45","slug":"boletin-informativo-martes-18-de-febrero-del-2020","status":"publish","type":"post","link":"https:\/\/archive.sana.sy\/es\/?p=131394","title":{"rendered":"Bolet\u00edn Informativo  Martes, 18 de Febrero del 2020"},"content":{"rendered":"<p style=\"text-align: justify;\"><strong><span style=\"color: #800000;\">Damsco, SANA<\/span><\/strong><\/p>\n<p style=\"text-align: justify;\"><strong>Les ofrecemos a continuaci\u00f3n, un resumen de las m\u00e1s destacadas noticias de Siria publicadas por nuestra agencia:<\/strong><\/p>\n<p style=\"text-align: justify;\">Para actualizarse m\u00e1s de Siria y ver videos, fotos y reportajes en espa\u00f1ol s\u00edguenos en nuestro sitio <a href=\"https:\/\/www.sana.sy\/es\/\"><strong>https:\/\/www.sana.sy\/es\/<\/strong><\/a>, nuestras p\u00e1ginas en Facebook <a href=\"https:\/\/www.facebook.com\/SANA.Noticias\/\"><strong>https:\/\/www.facebook.com\/SANA.Noticias\/<\/strong><\/a><\/p>\n<p style=\"text-align: justify;\">y en Twitter <a href=\"https:\/\/twitter.com\/SanaAgencia\"><strong>https:\/\/twitter.com\/SanaAgencia<\/strong><\/a><strong>.<\/strong><\/p>\n<p style=\"text-align: justify;\"><strong>Presidente Al-Assad: Nuestro ej\u00e9rcito no dejar\u00e1 de cumplir sus deberes nacionales, y solo ser\u00e1 un ej\u00e9rcito del pueblo y para el pueblo<\/strong><\/p>\n<p style=\"text-align: justify;\">En una alocuci\u00f3n televisiva en ocasi\u00f3n de las recientes victorias, el presidente Bashar al-Assad dirigi\u00f3 un saludo a los firmes y resistentes compatriotas en Alepo y al valiente ej\u00e9rcito \u00e1rabe sirio que ofreci\u00f3 muchos sacrificios para lograr la victoria.<\/p>\n<p style=\"text-align: justify;\">Dijo que la batalla para liberar a Alepo e Idleb continuar\u00e1 independientemente de algunos ruidos que vienen del norte.<\/p>\n<p style=\"text-align: justify;\">\u201cCuando la ciudad de Alepo fue liberada a finales del 2016, yo dije que Alepo despu\u00e9s de la liberaci\u00f3n no ser\u00e1 como antes, y ten\u00eda la plena fe que el patriotismo de la gente de Alepo y su lealtad a la patria y al ej\u00e9rcito alterar\u00e1n las cuentas de los enemigos, y esto fue lo que sucedi\u00f3\u201d, manifest\u00f3 el presidente.<\/p>\n<p style=\"text-align: justify;\">Asegur\u00f3 que \u201cno le bast\u00f3 a la gente de Alepo con resistir y aguantar el dolor y el sufrimiento, sino m\u00e1s bien trabajaron y produjeron durante los a\u00f1os del asedio y la guerra y pese a las circunstancias contrarias a cualquier l\u00f3gica econ\u00f3mica.<\/p>\n<p style=\"text-align: justify;\">\u201cSin embargo, Alepo sigui\u00f3 contribuyendo aunque sea con lo m\u00ednimo a la econom\u00eda nacional, y estoy seguro de que este tipo de firmeza, que refleja la voluntad s\u00f3lida es la que har\u00e1 que Alepo se levante de entre las cenizas de la guerra para que recupere su posici\u00f3n natural y pionera en la econom\u00eda Siria\u201d, acot\u00f3.<\/p>\n<p style=\"text-align: justify;\">Seg\u00fan el presidente, \u201ces cierto que la liberaci\u00f3n de la ciudad en 2016 no logr\u00f3 la seguridad deseada en aquel momento y permaneci\u00f3 bajo el yugo de los proyectiles de traici\u00f3n y cobard\u00eda, y tambi\u00e9n es cierto que la victoria en una batalla no significa victoria en la guerra en la l\u00f3gica militar abstracta que se basa en los fines y resultados, pero en la l\u00f3gica nacional, la victoria comienza con el primer d\u00eda de la firmeza\u201d.<\/p>\n<p style=\"text-align: justify;\">Tambi\u00e9n se\u00f1al\u00f3 que \u201cAlepo triunf\u00f3, Siria triunf\u00f3 y todos triunfamos sobre el miedo que intentaron sembrar en nuestros corazones, y triunfamos sobre las ilusiones que intentaron infundir en nuestras mentes, y triunfamos sobre la desintegraci\u00f3n, el odio y la traici\u00f3n\u201d.<\/p>\n<p style=\"text-align: justify;\">\u201cEsta liberaci\u00f3n no significa el final de la guerra, ni la ca\u00edda de los planes o la desaparici\u00f3n del terrorismo, ni la rendici\u00f3n de los enemigos, pero ciertamente significa humillar a los enemigos y ser\u00e1 el preludio para su derrota, tarde o temprano\u201d, asegur\u00f3.<\/p>\n<p style=\"text-align: justify;\">Al-Assad hizo alusi\u00f3n a los \u201ca\u00f1os de brutales y violentos bombardeos que afectaron la mayor\u00eda de los barrios; decenas de miles de m\u00e1rtires y heridos, y de hu\u00e9rfanos, desconsolados y viudas; a\u00f1os de asedio sin agua, electricidad u otros elementos esenciales de la vida; todo eso para hacer arrodillar a Alepo y para sus habitantes se rindan. Con cada proyectil traicionero que ca\u00eda, la esperanza de los enemigos aumentaba para convertirse a Alepo en otra ciudad que nunca existi\u00f3 a lo largo de la historia y para que no forme con su gemelo Damasco las dos alas con las que la patria pueda volar\u201d.<\/p>\n<p style=\"text-align: justify;\">\u201cNuestro ej\u00e9rcito \u00e1rabe sirio no dejar\u00e1 de cumplir sus deberes nacionales, y solo ser\u00e1 como fue siempre un ej\u00e9rcito del pueblo y para el pueblo; y la historia nunca conoci\u00f3 a un ej\u00e9rcito victorioso sin la uni\u00f3n con el pueblo en su batalla y esto fue lo que vimos en Alepo y otras ciudades sirias cuando el pueblo abraz\u00f3 al ej\u00e9rcito, que por su parte defendi\u00f3 al pueblo y sacrific\u00f3 por \u00e9l\u201d, reiter\u00f3 el presidente al-Assad.<\/p>\n<p style=\"text-align: justify;\">Asimismo, salud\u00f3 los hermanos, amigos y aliados que estuvieron hombro a hombro con el ej\u00e9rcito en el campo de batalla y como \u00e1guilas protectoras en el cielo, y su sangre se mezcl\u00f3 con la nuestra para purificar la tierra de Alepo.<\/p>\n<p style=\"text-align: justify;\">Concluy\u00f3 su comparecencia televisiva con reafirmar que Alepo seguir\u00e1 siendo leal y fiel a la patria, y no olvidar\u00e1 a aquellos que dieron sus vidas por ella y para que vuelva bella y fuerte como antes.<\/p>\n<p style=\"text-align: justify;\"><strong>Comandancia General: el ej\u00e9rcito pudo cumplir sus misiones en Alepo de manera muy eficiente y en tiempo r\u00e9cord<\/strong><\/p>\n<p style=\"text-align: justify;\">La Comandancia General del Ej\u00e9rcito y las Fuerzas Armadas anunci\u00f3 hoy la liberaci\u00f3n de decenas de ciudades y poblados al sur y oeste de la ciudad de Alepo y poner fin as\u00ed a la pesadilla del terrorismo.<\/p>\n<p style=\"text-align: justify;\">En una declaraci\u00f3n, la Comandancia asegur\u00f3 que \u201ccon pasos estudiados y operaciones concentradas, los h\u00e9roes del ej\u00e9rcito \u00e1rabe sirio continuaron sus avances con gran determinaci\u00f3n para erradicar el terrorismo takfirista desde sus ra\u00edces y abatir a los asesinos que quisieron confiscar la voluntad de los civiles y tomarlos como rehenes y escudos humanos para obstaculizar el avance y retrasar la eliminaci\u00f3n de las organizaciones terroristas inscritas en la lista terrorismo internacional\u201d.<\/p>\n<p style=\"text-align: justify;\">\u201cNuestro valiente ej\u00e9rcito pudo cumplir las tareas encomendadas de manera muy eficiente y en tiempo r\u00e9cord, y se recuper\u00f3 el control de\u00a0 decenas de ciudades y poblados en el oeste y noroeste de la provincia de Alepo\u201d, asegur\u00f3 el vocero del ej\u00e9rcito.<\/p>\n<p style=\"text-align: justify;\">Reafirm\u00f3 que el ej\u00e9rcito continuar\u00e1 su avance militar y continuar\u00e1 el desempe\u00f1o de sus misiones sagradas y nobles hasta la erradicaci\u00f3n del terrorismo donde quiera que se encuentre en la geograf\u00eda siria.<\/p>\n<p style=\"text-align: justify;\">La Comandancia General del Ej\u00e9rcito y las Fuerzas Armadas concluy\u00f3 su declaraci\u00f3n con ratificar que \u201chagan lo que hagan los protectores y patrocinadores del terrorismo, el ej\u00e9rcito erradicar\u00e1 el terrorismo y seguir\u00e1 siendo la fortaleza que protege la seguridad de la patria y de los ciudadanos.<\/p>\n<p style=\"text-align: justify;\"><strong>Ej\u00e9rcito contin\u00faa sus avances al oeste de Alepo y libera tres nuevas localidades<\/strong><\/p>\n<p style=\"text-align: justify;\">El Ej\u00e9rcito \u00c1rabe Sirio prosigui\u00f3 sus operativos militares antiterroristas y logr\u00f3 nuevos avances al liberar tres localidades en el oeste de la provincia de Alepo, 365 km al norte de la capital Damasco.<\/p>\n<p style=\"text-align: justify;\">El corresponsal de SANA report\u00f3 que los militares liberaron del terrorismo a las localidades de Bastroun, Hour y Anyara.<\/p>\n<p style=\"text-align: justify;\">Agreg\u00f3 que las unidades militares bombardearon con artiller\u00eda y cohetes a los bastiones terroristas\u00a0 restantes en las zonas del oeste y nordeste de la provincia.<\/p>\n<p style=\"text-align: justify;\">La Comandancia General del Ej\u00e9rcito y las Fuerzas Armadas hab\u00eda anunciado hoy la liberaci\u00f3n de decenas de ciudades y poblados al sur y oeste de la ciudad de Alepo y poner fin as\u00ed a la pesadilla del terrorismo en esta urbe.<\/p>\n<p style=\"text-align: justify;\"><strong>Aeropuerto Internacional de Alepo vuelve a operar<\/strong><\/p>\n<p style=\"text-align: justify;\">El ministro de Transporte, Ali Hamoud, anunci\u00f3 que el Aeropuerto Internacional de Alepo ha vuelto a operar.<\/p>\n<p style=\"text-align: justify;\">\u201cEl pr\u00f3ximo mi\u00e9rcoles despegar\u00e1 el primer avi\u00f3n de pasajeros de Damasco a Alepo, y habr\u00e1n vuelos al Cairo y Damasco durante los pr\u00f3ximos d\u00edas\u201d, dijo Hamoud.<\/p>\n<p style=\"text-align: justify;\">En una declaraci\u00f3n especial a SANA, el director de Aviaci\u00f3n Civil en Siria, Basem Mansur, se\u00f1al\u00f3 que gracias a los sacrificios del Ej\u00e9rcito la acci\u00f3n de despegar y aterrizar en el Aeropuerto Internacional de Alepo ya es completamente segura.<\/p>\n<p style=\"text-align: justify;\">Confirm\u00f3 que el aeropuerto ha sido rehabilitado durante todo el tiempo de la guerra a pesar de los ataques que sufri\u00f3 a manos de los terroristas.<\/p>\n<p style=\"text-align: justify;\">Por su parte, el director del Aeropuerto de Alepo, Mohamed Al-Masry, afirm\u00f3 que el mismo est\u00e1 listo para acoger todos los vuelos y revel\u00f3 que los equipos de mantenimiento finalizaron su trabajo tanto dentro del edificio como en sus afueras.<\/p>\n<p style=\"text-align: justify;\">El Ej\u00e9rcito sirio liber\u00f3 en diciembre de 2016 la totalidad de la ciudad de Alepo, incluido su aeropuerto, y anunci\u00f3 ayer la ciudad segura por completo despu\u00e9s de expulsar a los terroristas de los pueblos y las localidades circundantes.<\/p>\n<p style=\"text-align: justify;\"><strong>Ej\u00e9rcito derrib\u00f3 un dron cerca de la refiner\u00eda de Homs<\/strong><\/p>\n<p style=\"text-align: justify;\">Una unidad del ej\u00e9rcito \u00e1rabe sirio derrib\u00f3 hoy un avi\u00f3n no tripulado cerca de la refiner\u00eda de Homs, 161 km al norte de la capital Damasco.<\/p>\n<p style=\"text-align: justify;\">El corresponsal de SANA report\u00f3 el dron estaba cargado de municiones y los terroristas intentaban atacar la refiner\u00eda.<\/p>\n<p style=\"text-align: justify;\">En la v\u00edspera, el ej\u00e9rcito \u00e1rabe sirio neutraliz\u00f3 electr\u00f3nicamente a cinco drones que intentaban bombardear la misma refiner\u00eda.<\/p>\n<p style=\"text-align: justify;\">A principios del mes en curso, tres plantas de gas y la misma refiner\u00eda de petr\u00f3leo en la provincia de Homs fueron blancos de ataques terroristas con drones, que provocaron incendios y da\u00f1os materiales.<\/p>\n<p style=\"text-align: justify;\"><strong>Kremlin responde a Trump: seguiremos apoyando a Siria en su guerra hasta la erradicaci\u00f3n definitiva del terrorismo<\/strong><\/p>\n<p style=\"text-align: justify;\">El portavoz de la presidencia rusa (Kremlin), Dimitri Peskov, dijo que su pa\u00eds continuar\u00e1 su apoyo a Siria en su guerra contra el terrorismo hasta la eliminaci\u00f3n definitiva de este flagelo.<\/p>\n<p style=\"text-align: justify;\">\u201cLos asesores rusos y las fuerzas armadas rusas contin\u00faan apoyando a las fuerzas armadas sirias en la guerra contra el terrorismo\u201d, dijo Peskov a los periodistas, al comentar sobre los declaraciones del presidente de Estados Unidos, Donald Trump.<\/p>\n<p style=\"text-align: justify;\">Al mismo tiempo, el vocero ruso lament\u00f3 los ataques y acciones terroristas en la gobernaci\u00f3n de Idleb.<\/p>\n<p style=\"text-align: justify;\"><strong>Lavrov destaca necesidad de erradicar el terrorismo en Idleb<\/strong><\/p>\n<p style=\"text-align: justify;\">El Ministro de Exteriores de Rusia, Sergei Lavrov, recalc\u00f3 la necesidad de erradicar el terrorismo en Idleb y exigi\u00f3 al r\u00e9gimen turco que cumpla sus compromisos en virtud del acuerdo de Sochi.<\/p>\n<p style=\"text-align: justify;\">En una conferencia de prensa en M\u00fanich, Lavrov se\u00f1al\u00f3 que los terroristas en Idleb contin\u00faan atacando posiciones del ej\u00e9rcito sirio y la base Hemeimem, y enfatiz\u00f3 la necesidad de implementar el acuerdo de Sochi sobre Idleb.<\/p>\n<p style=\"text-align: justify;\">El Acuerdo de Sochi subraya la necesidad de seguir combatiendo el terrorismo en Siria en todas sus formas y el compromiso con la soberan\u00eda, la unidad y la integridad territorial de Siria y la liberaci\u00f3n de todos sus territorios del terrorismo.<\/p>\n<p style=\"text-align: justify;\"><strong>Ej\u00e9rcito sirio abre dos corredores humanitarios en Idleb y Alepo<\/strong><\/p>\n<p style=\"text-align: justify;\">El Ej\u00e9rcito sirio en colaboraci\u00f3n con las autoridades competentes, abri\u00f3 dos corredores humanitarios, uno en la localidad de Meznaz en el oeste de la provincia de Alepo, y el otro en Myerez al este de la ciudad de Saraqueb en la provincia de Idleb, para evacuar a los civiles de las zonas controladas por los terroristas.<\/p>\n<p style=\"text-align: justify;\">Ambos corredores fueron equipados con cl\u00ednicas m\u00f3viles, ambulancias y equipos m\u00e9dicos especializados para atender a los civiles que desean salir a las zonas seguras.<\/p>\n<p style=\"text-align: justify;\">Las autoridades competentes bajo la supervisi\u00f3n del Ej\u00e9rcito abrieron el 13 del pasado mes de enero, tres corredores humanitarios en la zona de Abu al-Duhur al sureste de Idleb, en la localidad de al-Habit en el sur de la misma provincia, y en la zona de al-Hader en el sur de Alepo.<\/p>\n<p style=\"text-align: justify;\">Los grupos terroristas impidieron el acceso de los civiles a dichos corredores.<\/p>\n<p style=\"text-align: justify;\"><span style=\"color: #3366ff;\"><strong>Cont\u00e1ctenos: <\/strong><\/span><\/p>\n<p style=\"text-align: justify;\"><span style=\"color: #3366ff;\"><strong>agenciasanadenoticias<\/strong><strong>@<\/strong><strong>gmail.com<\/strong><\/span><\/p>\n<p style=\"text-align: justify;\"><span style=\"color: #3366ff;\"><strong>Tel\u00e9fono: 00 963 11 5490700<\/strong><\/span><\/p>\n<p style=\"text-align: justify;\"><span style=\"color: #3366ff;\"><strong>\u00a0<\/strong><\/span><\/p>\n","protected":false},"excerpt":{"rendered":"<p>Damsco, SANA Les ofrecemos a continuaci\u00f3n, un resumen de las m\u00e1s destacadas noticias de Siria publicadas por nuestra agencia: Para actualizarse m\u00e1s de Siria y ver videos, fotos y reportajes en espa\u00f1ol s\u00edguenos en nuestro sitio https:\/\/www.sana.sy\/es\/, nuestras p\u00e1ginas en Facebook https:\/\/www.facebook.com\/SANA.Noticias\/ y en Twitter https:\/\/twitter.com\/SanaAgencia. Presidente Al-Assad: Nuestro ej\u00e9rcito no dejar\u00e1 de cumplir sus &hellip;<\/p>\n","protected":false},"author":32,"featured_media":131395,"comment_status":"closed","ping_status":"closed","sticky":false,"template":"","format":"standard","meta":{"footnotes":""},"categories":[447,555,597],"tags":[],"class_list":["post-131394","post","type-post","status-publish","format-standard","has-post-thumbnail","","category-local-politica","category-prensa","category-cinta-de-noticias"],"_links":{"self":[{"href":"https:\/\/archive.sana.sy\/es\/index.php?rest_route=\/wp\/v2\/posts\/131394"}],"collection":[{"href":"https:\/\/archive.sana.sy\/es\/index.php?rest_route=\/wp\/v2\/posts"}],"about":[{"href":"https:\/\/archive.sana.sy\/es\/index.php?rest_route=\/wp\/v2\/types\/post"}],"author":[{"embeddable":true,"href":"https:\/\/archive.sana.sy\/es\/index.php?rest_route=\/wp\/v2\/users\/32"}],"replies":[{"embeddable":true,"href":"https:\/\/archive.sana.sy\/es\/index.php?rest_route=%2Fwp%2Fv2%2Fcomments&post=131394"}],"version-history":[{"count":0,"href":"https:\/\/archive.sana.sy\/es\/index.php?rest_route=\/wp\/v2\/posts\/131394\/revisions"}],"wp:featuredmedia":[{"embeddable":true,"href":"https:\/\/archive.sana.sy\/es\/index.php?rest_route=\/wp\/v2\/media\/131395"}],"wp:attachment":[{"href":"https:\/\/archive.sana.sy\/es\/index.php?rest_route=%2Fwp%2Fv2%2Fmedia&parent=131394"}],"wp:term":[{"taxonomy":"category","embeddable":true,"href":"https:\/\/archive.sana.sy\/es\/index.php?rest_route=%2Fwp%2Fv2%2Fcategories&post=131394"},{"taxonomy":"post_tag","embeddable":true,"href":"https:\/\/archive.sana.sy\/es\/index.php?rest_route=%2Fwp%2Fv2%2Ftags&post=131394"}],"curies":[{"name":"wp","href":"https:\/\/api.w.org\/{rel}","templated":true}]}}