{"id":131447,"date":"2020-02-18T15:25:28","date_gmt":"2020-02-18T13:25:28","guid":{"rendered":"http:\/\/sana.sy\/es\/?p=131447"},"modified":"2023-01-10T14:34:12","modified_gmt":"2023-01-10T12:34:12","slug":"cinco-heridos-en-estallido-de-una-bomba-en-damasco-fotos","status":"publish","type":"post","link":"https:\/\/archive.sana.sy\/es\/?p=131447","title":{"rendered":"Cinco heridos en estallido de una bomba en Damasco. (fotos)"},"content":{"rendered":"<p style=\"text-align: justify;\"><span style=\"color: #800000;\"><strong>Damasco, SANA<\/strong><\/span><\/p>\n<p style=\"text-align: justify;\">Cinco civiles resultaron lesionados en el estallido de una bomba en el barrio Bab Musala de la capital Damasco.<\/p>\n<p style=\"text-align: justify;\">La polic\u00eda de Damasco inform\u00f3 que la bomba fue colocada dentro de un coche y que uno de los heridos se encuentra en estado de gravedad.<\/p>\n<p>El pasado d\u00eda 10 del mes en curso, una persona result\u00f3 herida en explosi\u00f3n de una bomba en una camioneta de doble cabina en el barrio de Mezzeh.<\/p>\n<div id='gallery-1' class='gallery galleryid-131447 gallery-columns-1 gallery-size-full'><figure class='gallery-item'>\n\t\t\t<div class='gallery-icon landscape'>\n\t\t\t\t<a href='https:\/\/archive.sana.sy\/es\/wp-content\/uploads\/2020\/02\/2-217.jpg'><img loading=\"lazy\" decoding=\"async\" width=\"660\" height=\"417\" src=\"https:\/\/archive.sana.sy\/es\/wp-content\/uploads\/2020\/02\/2-217.jpg\" class=\"attachment-full size-full\" alt=\"\" srcset=\"https:\/\/archive.sana.sy\/es\/wp-content\/uploads\/2020\/02\/2-217.jpg 660w, https:\/\/archive.sana.sy\/es\/wp-content\/uploads\/2020\/02\/2-217-300x190.jpg 300w, https:\/\/archive.sana.sy\/es\/wp-content\/uploads\/2020\/02\/2-217-150x95.jpg 150w\" sizes=\"(max-width: 660px) 100vw, 660px\" \/><\/a>\n\t\t\t<\/div><\/figure>\n\t\t<\/div>\n\n","protected":false},"excerpt":{"rendered":"<p>Damasco, SANA Cinco civiles resultaron lesionados en el estallido de una bomba en el barrio Bab Musala de la capital Damasco. La polic\u00eda de Damasco inform\u00f3 que la bomba fue colocada dentro de un coche y que uno de los heridos se encuentra en estado de gravedad. El pasado d\u00eda 10 del mes en curso, &hellip;<\/p>\n","protected":false},"author":34,"featured_media":131448,"comment_status":"closed","ping_status":"closed","sticky":false,"template":"","format":"standard","meta":{"footnotes":""},"categories":[447,597,476,7541],"tags":[],"class_list":["post-131447","post","type-post","status-publish","format-standard","has-post-thumbnail","","category-local-politica","category-cinta-de-noticias","category-locales","category-ultimas-noticias"],"_links":{"self":[{"href":"https:\/\/archive.sana.sy\/es\/index.php?rest_route=\/wp\/v2\/posts\/131447"}],"collection":[{"href":"https:\/\/archive.sana.sy\/es\/index.php?rest_route=\/wp\/v2\/posts"}],"about":[{"href":"https:\/\/archive.sana.sy\/es\/index.php?rest_route=\/wp\/v2\/types\/post"}],"author":[{"embeddable":true,"href":"https:\/\/archive.sana.sy\/es\/index.php?rest_route=\/wp\/v2\/users\/34"}],"replies":[{"embeddable":true,"href":"https:\/\/archive.sana.sy\/es\/index.php?rest_route=%2Fwp%2Fv2%2Fcomments&post=131447"}],"version-history":[{"count":0,"href":"https:\/\/archive.sana.sy\/es\/index.php?rest_route=\/wp\/v2\/posts\/131447\/revisions"}],"wp:featuredmedia":[{"embeddable":true,"href":"https:\/\/archive.sana.sy\/es\/index.php?rest_route=\/wp\/v2\/media\/131448"}],"wp:attachment":[{"href":"https:\/\/archive.sana.sy\/es\/index.php?rest_route=%2Fwp%2Fv2%2Fmedia&parent=131447"}],"wp:term":[{"taxonomy":"category","embeddable":true,"href":"https:\/\/archive.sana.sy\/es\/index.php?rest_route=%2Fwp%2Fv2%2Fcategories&post=131447"},{"taxonomy":"post_tag","embeddable":true,"href":"https:\/\/archive.sana.sy\/es\/index.php?rest_route=%2Fwp%2Fv2%2Ftags&post=131447"}],"curies":[{"name":"wp","href":"https:\/\/api.w.org\/{rel}","templated":true}]}}