{"id":131629,"date":"2020-02-19T19:23:37","date_gmt":"2020-02-19T17:23:37","guid":{"rendered":"http:\/\/sana.sy\/es\/?p=131629"},"modified":"2020-02-19T20:27:45","modified_gmt":"2020-02-19T18:27:45","slug":"fallouh-siria-esta-decidida-a-seguir-luchando-hasta-liberar-todo-su-territorio-del-terrorismo","status":"publish","type":"post","link":"https:\/\/archive.sana.sy\/es\/?p=131629","title":{"rendered":"Siria afirma ante la ONU que est\u00e1 decidida a seguir luchando hasta liberar todo su territorio del terrorismo"},"content":{"rendered":"<p><span style=\"color: #800000;\">Nueva York, SANA<\/span><\/p>\n<p style=\"text-align: justify;\"><span lang=\"ES\">El r\u00e9gimen turco prosigue sus ataques contra el territorio sirio en un intento para salvar a sus mercenarios terroristas, dijo hoy Luay Fallouh, el encargado de negocios interino de la delegaci\u00f3n permanente de Siria ante las Naciones Unidas.<\/span><\/p>\n<p style=\"text-align: justify;\"><span lang=\"ES\">En una sesi\u00f3n del Consejo de Seguridad, Fallouh explic\u00f3 que algunos miembros del Consejo lo est\u00e1n utilizando para promover acusaciones infundadas y obstruir las acciones del Estado sirio encaminadas a proteger a sus ciudadanos de los terroristas.<\/span><\/p>\n<p style=\"text-align: justify;\"><span lang=\"ES\">\u201cLos pa\u00edses occidentales intensificaron sus medidas hostiles a Siria con el fin de prolongar la crisis y perturbar los esfuerzos del Estado sirio encaminados a combatir el terrorismo\u201d, agreg\u00f3.<\/span><\/p>\n<p style=\"text-align: justify;\"><span lang=\"ES\">En otra parte de sus declaraciones, el diplom\u00e1tico indic\u00f3 que los entendimientos de Astan\u00e1 y Sochi no permiten que las organizaciones terroristas hagan de los civiles en Idleb y sus alrededores un escudo humano.<\/span><\/p>\n<p style=\"text-align: justify;\"><span lang=\"ES\">Asimismo, confirm\u00f3 que el r\u00e9gimen turco prosigue su apoyo a las organizaciones terroristas en Idleb y recientemente introdujo gran cantidad de armas y municiones en la provincia y atac\u00f3 a \u00e1reas residenciales y puntos militares.<\/span><\/p>\n<p style=\"text-align: justify;\"><span lang=\"ES\">\u201cEl Estado sirio es la parte que m\u00e1s se preocupa por sus ciudadanos y nos asombra que algunos miembros del Consejo de Seguridad ignoren los cr\u00edmenes de los terroristas y los defiendan\u201d, precis\u00f3.<\/span><\/p>\n<p style=\"text-align: justify;\"><span lang=\"ES\">En este sentido, el titular sirio indic\u00f3 que \u201clas Naciones Unidas deber\u00eda enfatizar la responsabilidad de las organizaciones terroristas por toda la destrucci\u00f3n y el sufrimiento de los ciudadanos sirios en Idleb y otros lugares\u201d.<\/span><\/p>\n<p style=\"text-align: justify;\"><span lang=\"ES\">\u201cMiles de sirios est\u00e1n comenzando a regresar a sus lugares de origen en las \u00e1reas reci\u00e9n liberadas en Alepo, Idleb y Hama, y llamamos a todos los sirios desplazados para regresar a sus localidades, donde se les ofrecer\u00e1 todos los recursos de vida necesarios\u201d, acot\u00f3.<\/span><\/p>\n<p style=\"text-align: justify;\">Fallouh indic\u00f3 que miles de sirios est\u00e1n comenzando a regresar a sus lugares de residencia en las \u00e1reas reci\u00e9n liberadas en Alepo, Idleb y Hama, y pidi\u00f3 a todos los sirios desplazados que fueron obligados por las condiciones de la guerra contra el terrorismo a abandonar sus aldeas y hogares para regresar a las cuales, donde se les proporcionar\u00e1n todos los recursos de vida necesarios.<\/p>\n<p style=\"text-align: justify;\">Fallouh punte\u00f3 que alcanzar una soluci\u00f3n a la crisis en Siria requiere eliminar el terrorismo, poner fin a las pr\u00e1cticas de los pa\u00edses que lo apoyan y detener su evidente interferencia y ataques contra Siria.<\/p>\n<p>M.M\/ F.M<\/p>\n","protected":false},"excerpt":{"rendered":"<p>Nueva York, SANA El r\u00e9gimen turco prosigue sus ataques contra el territorio sirio en un intento para salvar a sus mercenarios terroristas, dijo hoy Luay Fallouh, el encargado de negocios interino de la delegaci\u00f3n permanente de Siria ante las Naciones Unidas. En una sesi\u00f3n del Consejo de Seguridad, Fallouh explic\u00f3 que algunos miembros del Consejo &hellip;<\/p>\n","protected":false},"author":36,"featured_media":131630,"comment_status":"closed","ping_status":"closed","sticky":false,"template":"","format":"standard","meta":{"footnotes":""},"categories":[597,457,467,7541],"tags":[],"class_list":["post-131629","post","type-post","status-publish","format-standard","has-post-thumbnail","","category-cinta-de-noticias","category-noticias-arabe-internacional-politica","category-siria-y-el-mundo","category-ultimas-noticias"],"_links":{"self":[{"href":"https:\/\/archive.sana.sy\/es\/index.php?rest_route=\/wp\/v2\/posts\/131629"}],"collection":[{"href":"https:\/\/archive.sana.sy\/es\/index.php?rest_route=\/wp\/v2\/posts"}],"about":[{"href":"https:\/\/archive.sana.sy\/es\/index.php?rest_route=\/wp\/v2\/types\/post"}],"author":[{"embeddable":true,"href":"https:\/\/archive.sana.sy\/es\/index.php?rest_route=\/wp\/v2\/users\/36"}],"replies":[{"embeddable":true,"href":"https:\/\/archive.sana.sy\/es\/index.php?rest_route=%2Fwp%2Fv2%2Fcomments&post=131629"}],"version-history":[{"count":0,"href":"https:\/\/archive.sana.sy\/es\/index.php?rest_route=\/wp\/v2\/posts\/131629\/revisions"}],"wp:featuredmedia":[{"embeddable":true,"href":"https:\/\/archive.sana.sy\/es\/index.php?rest_route=\/wp\/v2\/media\/131630"}],"wp:attachment":[{"href":"https:\/\/archive.sana.sy\/es\/index.php?rest_route=%2Fwp%2Fv2%2Fmedia&parent=131629"}],"wp:term":[{"taxonomy":"category","embeddable":true,"href":"https:\/\/archive.sana.sy\/es\/index.php?rest_route=%2Fwp%2Fv2%2Fcategories&post=131629"},{"taxonomy":"post_tag","embeddable":true,"href":"https:\/\/archive.sana.sy\/es\/index.php?rest_route=%2Fwp%2Fv2%2Ftags&post=131629"}],"curies":[{"name":"wp","href":"https:\/\/api.w.org\/{rel}","templated":true}]}}