{"id":131658,"date":"2020-02-19T22:23:10","date_gmt":"2020-02-19T20:23:10","guid":{"rendered":"http:\/\/sana.sy\/es\/?p=131658"},"modified":"2020-02-20T06:44:30","modified_gmt":"2020-02-20T04:44:30","slug":"derribados-aviones-no-tripulados-en-las-cercanias-de-la-ciudad-de-jableh","status":"publish","type":"post","link":"https:\/\/archive.sana.sy\/es\/?p=131658","title":{"rendered":"Ej\u00e9rcito derriba drones procedentes de Idleb en las cercan\u00edas de la ciudad costera de Jableh"},"content":{"rendered":"<p style=\"text-align: justify;\"><strong><span style=\"color: #800000;\">Latakia, SANA<\/span><\/strong><\/p>\n<p style=\"text-align: justify;\">Las unidades de defensa antia\u00e9rea repelieron la noche del mi\u00e9rcoles, un ataque con drones, en las cercan\u00eda de la ciudad costera de Jableh, en la provincia de Latakia, 348 km al noroeste de la capital Damasco.<\/p>\n<p style=\"text-align: justify;\">Seg\u00fan report\u00f3 el corresponsal de SANA, los drones proced\u00edan de la provincia septentrional de Idleb donde se despliegan organizaciones terroristas, y fueron derribados sin causar da\u00f1os.<\/p>\n<p style=\"text-align: justify;\">Las defensas antia\u00e9reas sirias abortaron en los \u00faltimos meses decenas de ataques terroristas con aviones no tripulados contra la base a\u00e9rea \u00a0de Hemeimem en la provincia costera de Latakia.<\/p>\n<p style=\"text-align: justify;\"><span style=\"color: #0000ff;\"><strong>M.M<\/strong><\/span><\/p>\n","protected":false},"excerpt":{"rendered":"<p>Latakia, SANA Las unidades de defensa antia\u00e9rea repelieron la noche del mi\u00e9rcoles, un ataque con drones, en las cercan\u00eda de la ciudad costera de Jableh, en la provincia de Latakia, 348 km al noroeste de la capital Damasco. Seg\u00fan report\u00f3 el corresponsal de SANA, los drones proced\u00edan de la provincia septentrional de Idleb donde se &hellip;<\/p>\n","protected":false},"author":36,"featured_media":131659,"comment_status":"closed","ping_status":"closed","sticky":false,"template":"","format":"standard","meta":{"footnotes":""},"categories":[597,573,7541],"tags":[],"class_list":["post-131658","post","type-post","status-publish","format-standard","has-post-thumbnail","","category-cinta-de-noticias","category-la-realidad-de-los-acontecimientos-en-siria","category-ultimas-noticias"],"_links":{"self":[{"href":"https:\/\/archive.sana.sy\/es\/index.php?rest_route=\/wp\/v2\/posts\/131658"}],"collection":[{"href":"https:\/\/archive.sana.sy\/es\/index.php?rest_route=\/wp\/v2\/posts"}],"about":[{"href":"https:\/\/archive.sana.sy\/es\/index.php?rest_route=\/wp\/v2\/types\/post"}],"author":[{"embeddable":true,"href":"https:\/\/archive.sana.sy\/es\/index.php?rest_route=\/wp\/v2\/users\/36"}],"replies":[{"embeddable":true,"href":"https:\/\/archive.sana.sy\/es\/index.php?rest_route=%2Fwp%2Fv2%2Fcomments&post=131658"}],"version-history":[{"count":0,"href":"https:\/\/archive.sana.sy\/es\/index.php?rest_route=\/wp\/v2\/posts\/131658\/revisions"}],"wp:featuredmedia":[{"embeddable":true,"href":"https:\/\/archive.sana.sy\/es\/index.php?rest_route=\/wp\/v2\/media\/131659"}],"wp:attachment":[{"href":"https:\/\/archive.sana.sy\/es\/index.php?rest_route=%2Fwp%2Fv2%2Fmedia&parent=131658"}],"wp:term":[{"taxonomy":"category","embeddable":true,"href":"https:\/\/archive.sana.sy\/es\/index.php?rest_route=%2Fwp%2Fv2%2Fcategories&post=131658"},{"taxonomy":"post_tag","embeddable":true,"href":"https:\/\/archive.sana.sy\/es\/index.php?rest_route=%2Fwp%2Fv2%2Ftags&post=131658"}],"curies":[{"name":"wp","href":"https:\/\/api.w.org\/{rel}","templated":true}]}}