{"id":131661,"date":"2020-02-19T22:20:22","date_gmt":"2020-02-19T20:20:22","guid":{"rendered":"http:\/\/sana.sy\/es\/?p=131661"},"modified":"2020-02-20T06:49:46","modified_gmt":"2020-02-20T04:49:46","slug":"ejercito-bombardea-posiciones-de-terroristas-en-alepo-e-idleb","status":"publish","type":"post","link":"https:\/\/archive.sana.sy\/es\/?p=131661","title":{"rendered":"Ej\u00e9rcito bombardea posiciones terroristas en provincias de Alepo e Idleb"},"content":{"rendered":"<p style=\"text-align: justify;\"><span style=\"color: #800000;\">Alepo &#8211; Idleb, SANA <\/span><\/p>\n<p style=\"text-align: justify;\">Las unidades del Ej\u00e9rcito sirio prosiguen sus operaciones contra posiciones y rutas de traslado y suministro de las organizaciones terroristas en el oeste de la provincia de Alepo y sur de Idleb, situados a unos 350 km al norte de la capital Damasco.<\/p>\n<p style=\"text-align: justify;\">El corresponsal de SANA report\u00f3 que el Ej\u00e9rcito intensific\u00f3 sus ataques contra las sedes terroristas en las localidades de Atareb, Kafer Nouran, Dar Ezzeh, Baleh, al-Sahara y Tuqad, en el oeste de Alepo.<\/p>\n<p style=\"text-align: justify;\">Los operativos militares provocaron numerosas bajas y p\u00e9rdidas materiales en las filas de los terroristas.<\/p>\n<p style=\"text-align: justify;\">Asimismo, la artiller\u00eda del Ej\u00e9rcito abri\u00f3 fuego contra bandas de terroristas en Deir Senbol, Maaret al-Naasan y al-Rakaya en el sur de Idleb, donde fueron destruidos veh\u00edculos y equipos b\u00e9licos.<\/p>\n<p style=\"text-align: justify;\"><span style=\"color: #0000ff;\">R.R\/M.M\/F.M<\/span><\/p>\n","protected":false},"excerpt":{"rendered":"<p>Alepo &#8211; Idleb, SANA Las unidades del Ej\u00e9rcito sirio prosiguen sus operaciones contra posiciones y rutas de traslado y suministro de las organizaciones terroristas en el oeste de la provincia de Alepo y sur de Idleb, situados a unos 350 km al norte de la capital Damasco. El corresponsal de SANA report\u00f3 que el Ej\u00e9rcito &hellip;<\/p>\n","protected":false},"author":31,"featured_media":131662,"comment_status":"closed","ping_status":"closed","sticky":false,"template":"","format":"standard","meta":{"footnotes":""},"categories":[597,573,7541],"tags":[],"class_list":["post-131661","post","type-post","status-publish","format-standard","has-post-thumbnail","","category-cinta-de-noticias","category-la-realidad-de-los-acontecimientos-en-siria","category-ultimas-noticias"],"_links":{"self":[{"href":"https:\/\/archive.sana.sy\/es\/index.php?rest_route=\/wp\/v2\/posts\/131661"}],"collection":[{"href":"https:\/\/archive.sana.sy\/es\/index.php?rest_route=\/wp\/v2\/posts"}],"about":[{"href":"https:\/\/archive.sana.sy\/es\/index.php?rest_route=\/wp\/v2\/types\/post"}],"author":[{"embeddable":true,"href":"https:\/\/archive.sana.sy\/es\/index.php?rest_route=\/wp\/v2\/users\/31"}],"replies":[{"embeddable":true,"href":"https:\/\/archive.sana.sy\/es\/index.php?rest_route=%2Fwp%2Fv2%2Fcomments&post=131661"}],"version-history":[{"count":0,"href":"https:\/\/archive.sana.sy\/es\/index.php?rest_route=\/wp\/v2\/posts\/131661\/revisions"}],"wp:featuredmedia":[{"embeddable":true,"href":"https:\/\/archive.sana.sy\/es\/index.php?rest_route=\/wp\/v2\/media\/131662"}],"wp:attachment":[{"href":"https:\/\/archive.sana.sy\/es\/index.php?rest_route=%2Fwp%2Fv2%2Fmedia&parent=131661"}],"wp:term":[{"taxonomy":"category","embeddable":true,"href":"https:\/\/archive.sana.sy\/es\/index.php?rest_route=%2Fwp%2Fv2%2Fcategories&post=131661"},{"taxonomy":"post_tag","embeddable":true,"href":"https:\/\/archive.sana.sy\/es\/index.php?rest_route=%2Fwp%2Fv2%2Ftags&post=131661"}],"curies":[{"name":"wp","href":"https:\/\/api.w.org\/{rel}","templated":true}]}}