{"id":131809,"date":"2020-02-21T06:28:52","date_gmt":"2020-02-21T04:28:52","guid":{"rendered":"http:\/\/sana.sy\/es\/?p=131809"},"modified":"2023-01-10T14:34:09","modified_gmt":"2023-01-10T12:34:09","slug":"agresion-turca-deja-sin-funcionamiento-a-la-planta-electrica-de-tel-temer-en-provincia-de-hasakeh","status":"publish","type":"post","link":"https:\/\/archive.sana.sy\/es\/?p=131809","title":{"rendered":"Agresi\u00f3n turca deja sin funcionamiento a la planta el\u00e9ctrica de Tel Temer en provincia de Hasakeh"},"content":{"rendered":"<p style=\"text-align: justify;\"><strong><span style=\"color: #800000;\">Hasakeh, SANA<\/span><\/strong><\/p>\n<p style=\"text-align: justify;\"><span lang=\"ES\">Las fuerzas de ocupaci\u00f3n turcas atacaron la l\u00ednea el\u00e9ctrica que alimenta la planta de transformaci\u00f3n el\u00e9ctrica de Tel Temer en el noroeste de Hasakeh, lo que provoc\u00f3 su salida del servicio.<\/span><\/p>\n<p style=\"text-align: justify;\"><span lang=\"ES\">El corresponsal de SANA report\u00f3 que la agresi\u00f3n de Turqu\u00eda y sus mercenarios terroristas se perpetr\u00f3 con proyectiles contra la l\u00ednea de tensi\u00f3n 66K en la aldea de UmmAl-Kif, lo que llev\u00f3 a la interrupci\u00f3n de la alimentaci\u00f3n el\u00e9ctrica y privar la ciudad de Tel Temer y decenas de poblados de la electricidad.<\/span><\/p>\n<p style=\"text-align: justify;\"><span lang=\"ES\">Un ataque similar tuvo lugar en d\u00eda 6 del mes en curso y los equipos de la Empresa Estatal de Electricidad en Hasakeh trabajaron para reparar los da\u00f1os y restablecer el suministro el\u00e9ctrico.<\/span><\/p>\n<p>El ej\u00e9rcito del r\u00e9gimen turco y sus mercenarios ocupan varias zonas en la provincia de Hasakeh donde provocaron un \u00e9xodo masivo de la poblaci\u00f3n y sabotean las infraestructuras de las localidades bajo su domino y otras cercanas.<\/p>\n<p style=\"text-align: justify;\"><span style=\"color: #800000;\"><strong>F.M<\/strong><\/span><\/p>\n","protected":false},"excerpt":{"rendered":"<p>Hasakeh, SANA Las fuerzas de ocupaci\u00f3n turcas atacaron la l\u00ednea el\u00e9ctrica que alimenta la planta de transformaci\u00f3n el\u00e9ctrica de Tel Temer en el noroeste de Hasakeh, lo que provoc\u00f3 su salida del servicio. El corresponsal de SANA report\u00f3 que la agresi\u00f3n de Turqu\u00eda y sus mercenarios terroristas se perpetr\u00f3 con proyectiles contra la l\u00ednea de &hellip;<\/p>\n","protected":false},"author":34,"featured_media":127765,"comment_status":"closed","ping_status":"closed","sticky":false,"template":"","format":"standard","meta":{"footnotes":""},"categories":[447,477,597,573,476,7541],"tags":[],"class_list":["post-131809","post","type-post","status-publish","format-standard","has-post-thumbnail","","category-local-politica","category-noticias-edulcorantes","category-cinta-de-noticias","category-la-realidad-de-los-acontecimientos-en-siria","category-locales","category-ultimas-noticias"],"_links":{"self":[{"href":"https:\/\/archive.sana.sy\/es\/index.php?rest_route=\/wp\/v2\/posts\/131809"}],"collection":[{"href":"https:\/\/archive.sana.sy\/es\/index.php?rest_route=\/wp\/v2\/posts"}],"about":[{"href":"https:\/\/archive.sana.sy\/es\/index.php?rest_route=\/wp\/v2\/types\/post"}],"author":[{"embeddable":true,"href":"https:\/\/archive.sana.sy\/es\/index.php?rest_route=\/wp\/v2\/users\/34"}],"replies":[{"embeddable":true,"href":"https:\/\/archive.sana.sy\/es\/index.php?rest_route=%2Fwp%2Fv2%2Fcomments&post=131809"}],"version-history":[{"count":0,"href":"https:\/\/archive.sana.sy\/es\/index.php?rest_route=\/wp\/v2\/posts\/131809\/revisions"}],"wp:featuredmedia":[{"embeddable":true,"href":"https:\/\/archive.sana.sy\/es\/index.php?rest_route=\/wp\/v2\/media\/127765"}],"wp:attachment":[{"href":"https:\/\/archive.sana.sy\/es\/index.php?rest_route=%2Fwp%2Fv2%2Fmedia&parent=131809"}],"wp:term":[{"taxonomy":"category","embeddable":true,"href":"https:\/\/archive.sana.sy\/es\/index.php?rest_route=%2Fwp%2Fv2%2Fcategories&post=131809"},{"taxonomy":"post_tag","embeddable":true,"href":"https:\/\/archive.sana.sy\/es\/index.php?rest_route=%2Fwp%2Fv2%2Ftags&post=131809"}],"curies":[{"name":"wp","href":"https:\/\/api.w.org\/{rel}","templated":true}]}}