{"id":131811,"date":"2020-02-21T06:33:58","date_gmt":"2020-02-21T04:33:58","guid":{"rendered":"http:\/\/sana.sy\/es\/?p=131811"},"modified":"2023-01-10T14:34:08","modified_gmt":"2023-01-10T12:34:08","slug":"moscu-advierte-contra-el-apoyo-del-regimen-turco-a-los-ataques-terroristas-en-idleb","status":"publish","type":"post","link":"https:\/\/archive.sana.sy\/es\/?p=131811","title":{"rendered":"Mosc\u00fa advierte contra el apoyo del r\u00e9gimen turco a los ataques terroristas en Idleb"},"content":{"rendered":"<p style=\"text-align: justify;\"><strong><span lang=\"ES\" style=\"color: #800000;\">Mosc\u00fa, SANA<\/span><\/strong><\/p>\n<p style=\"text-align: justify;\"><span lang=\"ES\">El Ministerio de Exteriores de Rusia advirti\u00f3 al r\u00e9gimen turco de las consecuencias de seguir apoyando los ataques terroristas en Idleb y de continuar haciendo declaraciones provocativas sobre la situaci\u00f3n en esta provincia.<\/span><\/p>\n<p style=\"text-align: justify;\"><span lang=\"ES\">&#8220;El apoyo de Turqu\u00eda a los ataques terroristas amenaza con escalar a\u00fan m\u00e1s el conflicto en Siria&#8221;, dijo la portavoz de la canciller\u00eda rusa, Mar\u00eda Zakharova, en una conferencia de prensa en la que expres\u00f3 la profunda preocupaci\u00f3n de Mosc\u00fa por el apoyo del r\u00e9gimen turco a los terroristas.<\/span><\/p>\n<p style=\"text-align: justify;\"><span lang=\"ES\">Explic\u00f3 que el Centro Ruso para la Reconciliaci\u00f3n en Siria inform\u00f3 sobre varios ataques terroristas a gran escala y que esos ataques fueron apoyados por el fuego de la artiller\u00eda del ej\u00e9rcito turco.<\/span><\/p>\n<p style=\"text-align: justify;\"><span lang=\"ES\">\u201cEste comportamiento viola los entendimientos de Sochi\u201d, dijo la vocera.<\/span><\/p>\n<p style=\"text-align: justify;\"><span lang=\"ES\">Al comentar sobre las declaraciones hechas por el presidente del r\u00e9gimen turco, Recep Tayyip Erdogan, sobre Idleb, Zakharova dijo que en semejantes circunstancias hay que reactivar los canales de expertos porque tienen mucho potencial.<\/span><\/p>\n<p style=\"text-align: justify;\"><span style=\"color: #800000;\"><strong>F.M<\/strong><\/span><\/p>\n","protected":false},"excerpt":{"rendered":"<p>Mosc\u00fa, SANA El Ministerio de Exteriores de Rusia advirti\u00f3 al r\u00e9gimen turco de las consecuencias de seguir apoyando los ataques terroristas en Idleb y de continuar haciendo declaraciones provocativas sobre la situaci\u00f3n en esta provincia. &#8220;El apoyo de Turqu\u00eda a los ataques terroristas amenaza con escalar a\u00fan m\u00e1s el conflicto en Siria&#8221;, dijo la portavoz &hellip;<\/p>\n","protected":false},"author":34,"featured_media":131812,"comment_status":"closed","ping_status":"closed","sticky":false,"template":"","format":"standard","meta":{"footnotes":""},"categories":[447,597,476,467,7541],"tags":[],"class_list":["post-131811","post","type-post","status-publish","format-standard","has-post-thumbnail","","category-local-politica","category-cinta-de-noticias","category-locales","category-siria-y-el-mundo","category-ultimas-noticias"],"_links":{"self":[{"href":"https:\/\/archive.sana.sy\/es\/index.php?rest_route=\/wp\/v2\/posts\/131811"}],"collection":[{"href":"https:\/\/archive.sana.sy\/es\/index.php?rest_route=\/wp\/v2\/posts"}],"about":[{"href":"https:\/\/archive.sana.sy\/es\/index.php?rest_route=\/wp\/v2\/types\/post"}],"author":[{"embeddable":true,"href":"https:\/\/archive.sana.sy\/es\/index.php?rest_route=\/wp\/v2\/users\/34"}],"replies":[{"embeddable":true,"href":"https:\/\/archive.sana.sy\/es\/index.php?rest_route=%2Fwp%2Fv2%2Fcomments&post=131811"}],"version-history":[{"count":0,"href":"https:\/\/archive.sana.sy\/es\/index.php?rest_route=\/wp\/v2\/posts\/131811\/revisions"}],"wp:featuredmedia":[{"embeddable":true,"href":"https:\/\/archive.sana.sy\/es\/index.php?rest_route=\/wp\/v2\/media\/131812"}],"wp:attachment":[{"href":"https:\/\/archive.sana.sy\/es\/index.php?rest_route=%2Fwp%2Fv2%2Fmedia&parent=131811"}],"wp:term":[{"taxonomy":"category","embeddable":true,"href":"https:\/\/archive.sana.sy\/es\/index.php?rest_route=%2Fwp%2Fv2%2Fcategories&post=131811"},{"taxonomy":"post_tag","embeddable":true,"href":"https:\/\/archive.sana.sy\/es\/index.php?rest_route=%2Fwp%2Fv2%2Ftags&post=131811"}],"curies":[{"name":"wp","href":"https:\/\/api.w.org\/{rel}","templated":true}]}}