{"id":131870,"date":"2020-02-21T18:14:43","date_gmt":"2020-02-21T16:14:43","guid":{"rendered":"http:\/\/sana.sy\/es\/?p=131870"},"modified":"2020-02-21T20:34:33","modified_gmt":"2020-02-21T18:34:33","slug":"delegacion-de-la-asamblea-popular-participa-en-la-14a-sesion-plenaria-de-la-asamblea-parlamentaria-del-mediterraneo","status":"publish","type":"post","link":"https:\/\/archive.sana.sy\/es\/?p=131870","title":{"rendered":"Siria participa en la 14\u00aa sesi\u00f3n plenaria de la Asamblea Parlamentaria del Mediterr\u00e1neo"},"content":{"rendered":"<p><span style=\"color: #800000;\">Atenas, SANA<\/span><\/p>\n<p style=\"text-align: justify;\">Una delegaci\u00f3n de la Asamblea del Pueblo (parlamento) particip\u00f3 en la 14\u00aa sesi\u00f3n plenaria de la Asamblea Parlamentaria del Mediterr\u00e1neo, que comenz\u00f3 el jueves, en la capital griega de Atenas.<\/p>\n<p style=\"text-align: justify;\">El jefe de la delegaci\u00f3n, el diputado Mohammed Ezzat Arabi Katbi repudi\u00f3 en su discurso la descarada intervenci\u00f3n de los pa\u00edses occidentales y regionales que apoyan a los grupos terroristas con armas y fondos para crear caos y destrucci\u00f3n en Siria y los pa\u00edses de la regi\u00f3n.<\/p>\n<p style=\"text-align: justify;\">Subray\u00f3 que aquellos que realmente quieren luchar contra el terrorismo deben acatar las resoluciones del Consejo de Seguridad y no imponer bloqueo y medidas econ\u00f3micas coercitivas unilaterales que causan inanici\u00f3n al pueblo sirio.<\/p>\n<p style=\"text-align: justify;\">\u201cLa respuesta internacional a la lucha contra el terrorismo es deficiente y est\u00e1 sujeta a pol\u00edticas equivocadas, y EE.UU pretende luchar contra el terrorismo en Siria sin coordinaci\u00f3n y cooperaci\u00f3n con su gobierno, protegiendo al mismo tiempo a los armados del Frente al-Nusra y los excesos del r\u00e9gimen turco\u201d, remarc\u00f3.<\/p>\n<p style=\"text-align: justify;\">Exigi\u00f3 a los reg\u00edmenes turco y estadounidense retirar de inmediato a sus fuerzas ocupantes del territorio sirio.<\/p>\n<p style=\"text-align: justify;\">Conden\u00f3 los cr\u00edmenes que sigue cometiendo el ocupante israel\u00ed contra el pueblo palestino y la poblaci\u00f3n siria en el Gol\u00e1n ocupado.<\/p>\n<p>ASh\/ RSH\/ FM<\/p>\n","protected":false},"excerpt":{"rendered":"<p>Atenas, SANA Una delegaci\u00f3n de la Asamblea del Pueblo (parlamento) particip\u00f3 en la 14\u00aa sesi\u00f3n plenaria de la Asamblea Parlamentaria del Mediterr\u00e1neo, que comenz\u00f3 el jueves, en la capital griega de Atenas. El jefe de la delegaci\u00f3n, el diputado Mohammed Ezzat Arabi Katbi repudi\u00f3 en su discurso la descarada intervenci\u00f3n de los pa\u00edses occidentales y &hellip;<\/p>\n","protected":false},"author":36,"featured_media":130786,"comment_status":"closed","ping_status":"closed","sticky":false,"template":"","format":"standard","meta":{"footnotes":""},"categories":[597,457,467],"tags":[17573],"class_list":["post-131870","post","type-post","status-publish","format-standard","has-post-thumbnail","","category-cinta-de-noticias","category-noticias-arabe-internacional-politica","category-siria-y-el-mundo","tag-delegacion-de-la-asamblea-popular"],"_links":{"self":[{"href":"https:\/\/archive.sana.sy\/es\/index.php?rest_route=\/wp\/v2\/posts\/131870"}],"collection":[{"href":"https:\/\/archive.sana.sy\/es\/index.php?rest_route=\/wp\/v2\/posts"}],"about":[{"href":"https:\/\/archive.sana.sy\/es\/index.php?rest_route=\/wp\/v2\/types\/post"}],"author":[{"embeddable":true,"href":"https:\/\/archive.sana.sy\/es\/index.php?rest_route=\/wp\/v2\/users\/36"}],"replies":[{"embeddable":true,"href":"https:\/\/archive.sana.sy\/es\/index.php?rest_route=%2Fwp%2Fv2%2Fcomments&post=131870"}],"version-history":[{"count":0,"href":"https:\/\/archive.sana.sy\/es\/index.php?rest_route=\/wp\/v2\/posts\/131870\/revisions"}],"wp:featuredmedia":[{"embeddable":true,"href":"https:\/\/archive.sana.sy\/es\/index.php?rest_route=\/wp\/v2\/media\/130786"}],"wp:attachment":[{"href":"https:\/\/archive.sana.sy\/es\/index.php?rest_route=%2Fwp%2Fv2%2Fmedia&parent=131870"}],"wp:term":[{"taxonomy":"category","embeddable":true,"href":"https:\/\/archive.sana.sy\/es\/index.php?rest_route=%2Fwp%2Fv2%2Fcategories&post=131870"},{"taxonomy":"post_tag","embeddable":true,"href":"https:\/\/archive.sana.sy\/es\/index.php?rest_route=%2Fwp%2Fv2%2Ftags&post=131870"}],"curies":[{"name":"wp","href":"https:\/\/api.w.org\/{rel}","templated":true}]}}