{"id":131875,"date":"2020-02-21T18:45:52","date_gmt":"2020-02-21T16:45:52","guid":{"rendered":"http:\/\/sana.sy\/es\/?p=131875"},"modified":"2020-02-21T20:16:18","modified_gmt":"2020-02-21T18:16:18","slug":"erdogan-reconoce-haber-enviado-terroristas-mercenarios-desde-idleb-y-el-norte-de-siria-a-libia","status":"publish","type":"post","link":"https:\/\/archive.sana.sy\/es\/?p=131875","title":{"rendered":"Erdogan reconoce el env\u00edo de terroristas desde Siria a Libia"},"content":{"rendered":"<p><span style=\"color: #800000;\">Estambul, SANA<\/span><\/p>\n<p><span lang=\"ES\">El presidente del r\u00e9gimen turco, Recep Tayyip Erdogan, reconoci\u00f3 haber enviado terroristas mercenarios desde la provincia de Idleb y el norte de Siria a Libia, acompa\u00f1ados por soldados turcos.<\/span><\/p>\n<p><span lang=\"ES\">En una declaraci\u00f3n citada por la agencia France-Presse, Erdogan afirm\u00f3 que el env\u00edo de estos terroristas y los soldados es para realizar \u201cejercicios\u201d.<\/span><\/p>\n<p><span lang=\"ES\">El comandante del ej\u00e9rcito libio, el mariscal Khalifa Haftar, confirm\u00f3 hoy que el r\u00e9gimen turco sigue trasladando a sus mercenarios terroristas desde el norte de Siria a Libia, aprovechando el alto el fuego temporal establecido en el pa\u00eds, y contin\u00faa violando las resoluciones de la Conferencia Internacional de Berl\u00edn.<\/span><\/p>\n<p style=\"text-align: justify;\"><span lang=\"ES\">El ministro de Exteriores de Libia, Abdul Hadi Al-Hawij, subray\u00f3 anteriormente que el r\u00e9gimen turco impide un alto el fuego permanente en Libia y contin\u00faa apoyando a los grupos terroristas en el pa\u00eds.<\/span><\/p>\n<p>M.M<\/p>\n","protected":false},"excerpt":{"rendered":"<p>Estambul, SANA El presidente del r\u00e9gimen turco, Recep Tayyip Erdogan, reconoci\u00f3 haber enviado terroristas mercenarios desde la provincia de Idleb y el norte de Siria a Libia, acompa\u00f1ados por soldados turcos. En una declaraci\u00f3n citada por la agencia France-Presse, Erdogan afirm\u00f3 que el env\u00edo de estos terroristas y los soldados es para realizar \u201cejercicios\u201d. El &hellip;<\/p>\n","protected":false},"author":36,"featured_media":131876,"comment_status":"closed","ping_status":"closed","sticky":false,"template":"","format":"standard","meta":{"footnotes":""},"categories":[597,573,7541],"tags":[17575],"class_list":["post-131875","post","type-post","status-publish","format-standard","has-post-thumbnail","","category-cinta-de-noticias","category-la-realidad-de-los-acontecimientos-en-siria","category-ultimas-noticias","tag-erdogan-reconoce-haber-enviado-terroristas-mercenarios-desde-idleb-y-el-norte-de-siria-a-libia"],"_links":{"self":[{"href":"https:\/\/archive.sana.sy\/es\/index.php?rest_route=\/wp\/v2\/posts\/131875"}],"collection":[{"href":"https:\/\/archive.sana.sy\/es\/index.php?rest_route=\/wp\/v2\/posts"}],"about":[{"href":"https:\/\/archive.sana.sy\/es\/index.php?rest_route=\/wp\/v2\/types\/post"}],"author":[{"embeddable":true,"href":"https:\/\/archive.sana.sy\/es\/index.php?rest_route=\/wp\/v2\/users\/36"}],"replies":[{"embeddable":true,"href":"https:\/\/archive.sana.sy\/es\/index.php?rest_route=%2Fwp%2Fv2%2Fcomments&post=131875"}],"version-history":[{"count":0,"href":"https:\/\/archive.sana.sy\/es\/index.php?rest_route=\/wp\/v2\/posts\/131875\/revisions"}],"wp:featuredmedia":[{"embeddable":true,"href":"https:\/\/archive.sana.sy\/es\/index.php?rest_route=\/wp\/v2\/media\/131876"}],"wp:attachment":[{"href":"https:\/\/archive.sana.sy\/es\/index.php?rest_route=%2Fwp%2Fv2%2Fmedia&parent=131875"}],"wp:term":[{"taxonomy":"category","embeddable":true,"href":"https:\/\/archive.sana.sy\/es\/index.php?rest_route=%2Fwp%2Fv2%2Fcategories&post=131875"},{"taxonomy":"post_tag","embeddable":true,"href":"https:\/\/archive.sana.sy\/es\/index.php?rest_route=%2Fwp%2Fv2%2Ftags&post=131875"}],"curies":[{"name":"wp","href":"https:\/\/api.w.org\/{rel}","templated":true}]}}