{"id":132080,"date":"2020-02-23T15:07:51","date_gmt":"2020-02-23T13:07:51","guid":{"rendered":"http:\/\/sana.sy\/es\/?p=132080"},"modified":"2023-01-10T14:34:08","modified_gmt":"2023-01-10T12:34:08","slug":"los-terroristas-huyen-por-temor-a-participar-en-los-combates-en-idleb-y-las-fuerzas-de-ocupacion-turcas-los-capturan","status":"publish","type":"post","link":"https:\/\/archive.sana.sy\/es\/?p=132080","title":{"rendered":"Los terroristas huyen por temor a participar en los combates en Idleb, y las fuerzas de ocupaci\u00f3n turcas los capturan"},"content":{"rendered":"<p style=\"text-align: justify;\"><strong><span style=\"color: #800000;\">Hasakeh, SANA<\/span><\/strong><\/p>\n<p style=\"text-align: justify;\">Las fuerzas de ocupaci\u00f3n turcas arrestaron a decenas de terroristas que operan bajo su mando en la ciudad de Ras al-Ain en la provincia de Hasakeh, 866 km al nordeste de la capital Damasco.<\/p>\n<p style=\"text-align: justify;\">Los terroristas capturados intentaban huir hacia el territorio turco por temor a su env\u00edo a Idleb para participar en las batallas contra el ej\u00e9rcito \u00e1rabe sirio.<\/p>\n<p style=\"text-align: justify;\">Seg\u00fan fuentes civiles, las fuerzas de ocupaci\u00f3n cerraron las fronteras ante los terroristas en el norte de Hasakeh y capturaron a decenas de ellos mientras intentaban huir de la ciudad de Ras al-Ain hacia los territorios turcos.<\/p>\n<p style=\"text-align: justify;\">Asimismo, un grupo de terroristas al servicio del ocupante turco secuestr\u00f3 a dos mujeres\u00a0 en la aldea Um al-Keif y robaron a 100 ovejos, as\u00ed como contin\u00faan los terroristas sus saqueos a las casas y propiedades de los civiles.<\/p>\n<p style=\"text-align: justify;\"><span style=\"color: #0000ff;\"><strong>F.M\/E.D<\/strong><\/span><\/p>\n","protected":false},"excerpt":{"rendered":"<p>Hasakeh, SANA Las fuerzas de ocupaci\u00f3n turcas arrestaron a decenas de terroristas que operan bajo su mando en la ciudad de Ras al-Ain en la provincia de Hasakeh, 866 km al nordeste de la capital Damasco. Los terroristas capturados intentaban huir hacia el territorio turco por temor a su env\u00edo a Idleb para participar en &hellip;<\/p>\n","protected":false},"author":34,"featured_media":132081,"comment_status":"closed","ping_status":"closed","sticky":false,"template":"","format":"standard","meta":{"footnotes":""},"categories":[447,597,573,476,7541],"tags":[],"class_list":["post-132080","post","type-post","status-publish","format-standard","has-post-thumbnail","","category-local-politica","category-cinta-de-noticias","category-la-realidad-de-los-acontecimientos-en-siria","category-locales","category-ultimas-noticias"],"_links":{"self":[{"href":"https:\/\/archive.sana.sy\/es\/index.php?rest_route=\/wp\/v2\/posts\/132080"}],"collection":[{"href":"https:\/\/archive.sana.sy\/es\/index.php?rest_route=\/wp\/v2\/posts"}],"about":[{"href":"https:\/\/archive.sana.sy\/es\/index.php?rest_route=\/wp\/v2\/types\/post"}],"author":[{"embeddable":true,"href":"https:\/\/archive.sana.sy\/es\/index.php?rest_route=\/wp\/v2\/users\/34"}],"replies":[{"embeddable":true,"href":"https:\/\/archive.sana.sy\/es\/index.php?rest_route=%2Fwp%2Fv2%2Fcomments&post=132080"}],"version-history":[{"count":0,"href":"https:\/\/archive.sana.sy\/es\/index.php?rest_route=\/wp\/v2\/posts\/132080\/revisions"}],"wp:featuredmedia":[{"embeddable":true,"href":"https:\/\/archive.sana.sy\/es\/index.php?rest_route=\/wp\/v2\/media\/132081"}],"wp:attachment":[{"href":"https:\/\/archive.sana.sy\/es\/index.php?rest_route=%2Fwp%2Fv2%2Fmedia&parent=132080"}],"wp:term":[{"taxonomy":"category","embeddable":true,"href":"https:\/\/archive.sana.sy\/es\/index.php?rest_route=%2Fwp%2Fv2%2Fcategories&post=132080"},{"taxonomy":"post_tag","embeddable":true,"href":"https:\/\/archive.sana.sy\/es\/index.php?rest_route=%2Fwp%2Fv2%2Ftags&post=132080"}],"curies":[{"name":"wp","href":"https:\/\/api.w.org\/{rel}","templated":true}]}}