{"id":132275,"date":"2020-02-24T20:08:44","date_gmt":"2020-02-24T18:08:44","guid":{"rendered":"http:\/\/sana.sy\/es\/?p=132275"},"modified":"2023-01-10T15:15:20","modified_gmt":"2023-01-10T13:15:20","slug":"ferrocarril-entre-damasco-y-alepo-previsto-estar-en-servicio-en-mayo-2020","status":"publish","type":"post","link":"https:\/\/archive.sana.sy\/es\/?p=132275","title":{"rendered":"Planifican en mayo pr\u00f3ximo poner en servicio la l\u00ednea ferrocarril entre Damasco y Alepo"},"content":{"rendered":"<p>Damasco, SANA<\/p>\n<p style=\"text-align: justify;\">Los equipos de mantenimiento del Ministerio de Transporte contin\u00faan sus labores de rehabilitaci\u00f3n y reparaci\u00f3n de la l\u00ednea ferrocarril que une la ciudad de Alepo con Damasco, la cual sufri\u00f3 afectaciones debido a los actos de terrorismo.<\/p>\n<p style=\"text-align: justify;\">El ministerio tiene previsto poner la v\u00eda en servicio en mayo pr\u00f3ximo, seg\u00fan comenta Nayib Fares, Gerente de la Empresa Estatal de Ferrocarriles.<\/p>\n<p style=\"text-align: justify;\">Fares se\u00f1al\u00f3 que la v\u00eda f\u00e9rrea Alepo-Damasco tiene 400 kil\u00f3metros de longitud y representa una necesidad econ\u00f3mica ya que juega un papel importante en el transporte de bienes y pasajeros entre las diferentes zonas del pa\u00eds, adem\u00e1s de servir como medio para transportar combustible a las centrales el\u00e9ctricas de Mahardah y Zara en la provincia central de Hama y las centrales en Damasco, as\u00ed como transportar cereales a los silos de Alepo, Hama, Homs y Damasco.<\/p>\n<p style=\"text-align: justify;\">En cuanto a la l\u00ednea ferrocarril que va desde Alepo a Yebrin en el norte, Fares dijo que la misma fue restaurada tras liberar la ciudad de Alepo por el ej\u00e9rcito sirio a finales del 2016.<\/p>\n<p style=\"text-align: justify;\">Explic\u00f3 que las organizaciones terroristas desmantelaron y robaron 46 kil\u00f3metros del total de la l\u00ednea.<\/p>\n<p style=\"text-align: justify;\">Se rehabilit\u00f3 por completo la l\u00ednea ferrocarril que une la ciudad de Homs con la capital Damasco, la cual tiene una longitud de aproximadamente 150 kil\u00f3metros, y adem\u00e1s se repararon ocho puentes destruidos por el terrorismo\u201d, concluy\u00f3 el Gerente de la Empresa.<\/p>\n<p>Y.K.\/ F.M.<\/p>\n","protected":false},"excerpt":{"rendered":"<p>Damasco, SANA Los equipos de mantenimiento del Ministerio de Transporte contin\u00faan sus labores de rehabilitaci\u00f3n y reparaci\u00f3n de la l\u00ednea ferrocarril que une la ciudad de Alepo con Damasco, la cual sufri\u00f3 afectaciones debido a los actos de terrorismo. El ministerio tiene previsto poner la v\u00eda en servicio en mayo pr\u00f3ximo, seg\u00fan comenta Nayib Fares, &hellip;<\/p>\n","protected":false},"author":1,"featured_media":132276,"comment_status":"closed","ping_status":"closed","sticky":false,"template":"","format":"standard","meta":{"footnotes":""},"categories":[597,16686,485,7541],"tags":[],"class_list":["post-132275","post","type-post","status-publish","format-standard","has-post-thumbnail","","category-cinta-de-noticias","category-economia","category-informes-negocios-y-finanzas","category-ultimas-noticias"],"_links":{"self":[{"href":"https:\/\/archive.sana.sy\/es\/index.php?rest_route=\/wp\/v2\/posts\/132275"}],"collection":[{"href":"https:\/\/archive.sana.sy\/es\/index.php?rest_route=\/wp\/v2\/posts"}],"about":[{"href":"https:\/\/archive.sana.sy\/es\/index.php?rest_route=\/wp\/v2\/types\/post"}],"author":[{"embeddable":true,"href":"https:\/\/archive.sana.sy\/es\/index.php?rest_route=\/wp\/v2\/users\/1"}],"replies":[{"embeddable":true,"href":"https:\/\/archive.sana.sy\/es\/index.php?rest_route=%2Fwp%2Fv2%2Fcomments&post=132275"}],"version-history":[{"count":0,"href":"https:\/\/archive.sana.sy\/es\/index.php?rest_route=\/wp\/v2\/posts\/132275\/revisions"}],"wp:featuredmedia":[{"embeddable":true,"href":"https:\/\/archive.sana.sy\/es\/index.php?rest_route=\/wp\/v2\/media\/132276"}],"wp:attachment":[{"href":"https:\/\/archive.sana.sy\/es\/index.php?rest_route=%2Fwp%2Fv2%2Fmedia&parent=132275"}],"wp:term":[{"taxonomy":"category","embeddable":true,"href":"https:\/\/archive.sana.sy\/es\/index.php?rest_route=%2Fwp%2Fv2%2Fcategories&post=132275"},{"taxonomy":"post_tag","embeddable":true,"href":"https:\/\/archive.sana.sy\/es\/index.php?rest_route=%2Fwp%2Fv2%2Ftags&post=132275"}],"curies":[{"name":"wp","href":"https:\/\/api.w.org\/{rel}","templated":true}]}}