{"id":132280,"date":"2020-02-24T20:23:41","date_gmt":"2020-02-24T18:23:41","guid":{"rendered":"http:\/\/sana.sy\/es\/?p=132280"},"modified":"2020-02-24T22:14:22","modified_gmt":"2020-02-24T20:14:22","slug":"terroristas-apoyados-por-turquia-cortan-agua-potable-a-la-ciudad-de-hasakeh","status":"publish","type":"post","link":"https:\/\/archive.sana.sy\/es\/?p=132280","title":{"rendered":"Terroristas proturcos cortan el agua potable a la ciudad de Hasakeh"},"content":{"rendered":"<p>Hasakeh, SANA<\/p>\n<p style=\"text-align: justify;\">En el marco de sus acciones criminales contra la poblaci\u00f3n civil, las organizaciones terroristas apoyados por el r\u00e9gimen turco cortaron el suministro de agua potable a la ciudad de Hasakeh, cabecera de la provincia hom\u00f3nima, y a las zonas residenciales circundantes.<\/p>\n<p style=\"text-align: justify;\">Seg\u00fan medios locales, mercenarios del ocupante turco que controlan la planta Alouk de bombeo de agua, procedieron a cortar el suministro de agua potable a la capital provincial Hasakeh y a la ciudad de Tal Nemer y zonas residenciales subyacentes.<\/p>\n<p style=\"text-align: justify;\">A saber, la Planta Alouk est\u00e1 ubicada cerca de la frontera sirio-turca y representa la principal fuente para el abastecimiento de agua potable para la ciudad de Hasakeh y las zonas residenciales circundantes.<\/p>\n<p>Y.K.\/ F.M.<\/p>\n","protected":false},"excerpt":{"rendered":"<p>Hasakeh, SANA En el marco de sus acciones criminales contra la poblaci\u00f3n civil, las organizaciones terroristas apoyados por el r\u00e9gimen turco cortaron el suministro de agua potable a la ciudad de Hasakeh, cabecera de la provincia hom\u00f3nima, y a las zonas residenciales circundantes. Seg\u00fan medios locales, mercenarios del ocupante turco que controlan la planta Alouk &hellip;<\/p>\n","protected":false},"author":1,"featured_media":132281,"comment_status":"closed","ping_status":"closed","sticky":false,"template":"","format":"standard","meta":{"footnotes":""},"categories":[573,7541],"tags":[],"class_list":["post-132280","post","type-post","status-publish","format-standard","has-post-thumbnail","","category-la-realidad-de-los-acontecimientos-en-siria","category-ultimas-noticias"],"_links":{"self":[{"href":"https:\/\/archive.sana.sy\/es\/index.php?rest_route=\/wp\/v2\/posts\/132280"}],"collection":[{"href":"https:\/\/archive.sana.sy\/es\/index.php?rest_route=\/wp\/v2\/posts"}],"about":[{"href":"https:\/\/archive.sana.sy\/es\/index.php?rest_route=\/wp\/v2\/types\/post"}],"author":[{"embeddable":true,"href":"https:\/\/archive.sana.sy\/es\/index.php?rest_route=\/wp\/v2\/users\/1"}],"replies":[{"embeddable":true,"href":"https:\/\/archive.sana.sy\/es\/index.php?rest_route=%2Fwp%2Fv2%2Fcomments&post=132280"}],"version-history":[{"count":0,"href":"https:\/\/archive.sana.sy\/es\/index.php?rest_route=\/wp\/v2\/posts\/132280\/revisions"}],"wp:featuredmedia":[{"embeddable":true,"href":"https:\/\/archive.sana.sy\/es\/index.php?rest_route=\/wp\/v2\/media\/132281"}],"wp:attachment":[{"href":"https:\/\/archive.sana.sy\/es\/index.php?rest_route=%2Fwp%2Fv2%2Fmedia&parent=132280"}],"wp:term":[{"taxonomy":"category","embeddable":true,"href":"https:\/\/archive.sana.sy\/es\/index.php?rest_route=%2Fwp%2Fv2%2Fcategories&post=132280"},{"taxonomy":"post_tag","embeddable":true,"href":"https:\/\/archive.sana.sy\/es\/index.php?rest_route=%2Fwp%2Fv2%2Ftags&post=132280"}],"curies":[{"name":"wp","href":"https:\/\/api.w.org\/{rel}","templated":true}]}}