{"id":132294,"date":"2020-02-25T10:02:46","date_gmt":"2020-02-25T08:02:46","guid":{"rendered":"http:\/\/sana.sy\/es\/?p=132294"},"modified":"2023-01-10T15:34:45","modified_gmt":"2023-01-10T13:34:45","slug":"boletin-informativo-martes-25-de-febrero-del-2020","status":"publish","type":"post","link":"https:\/\/archive.sana.sy\/es\/?p=132294","title":{"rendered":"Bolet\u00edn Informativo  Martes, 25 de Febrero del 2020"},"content":{"rendered":"<p style=\"text-align: justify;\"><strong><span style=\"color: #800000;\">Damasco, SANA<\/span><\/strong><\/p>\n<p style=\"text-align: justify;\"><strong>Les ofrecemos a continuaci\u00f3n, un resumen de las m\u00e1s destacadas noticias de Siria publicadas por nuestra agencia:<\/strong><\/p>\n<p style=\"text-align: justify;\">Para actualizarse m\u00e1s de Siria y ver videos, fotos y reportajes en espa\u00f1ol s\u00edguenos en nuestro sitio<a href=\"https:\/\/www.sana.sy\/es\/\"><strong>https:\/\/www.sana.sy\/es\/<\/strong><\/a>, nuestras p\u00e1ginas en Facebook<a href=\"https:\/\/www.facebook.com\/SANA.Noticias\/\"><strong>https:\/\/www.facebook.com\/SANA.Noticias\/<\/strong><\/a><\/p>\n<p style=\"text-align: justify;\">\u00a0y en Twitter<a href=\"https:\/\/twitter.com\/SanaAgencia\"><strong>https:\/\/twitter.com\/SanaAgencia<\/strong><\/a><strong>.<\/strong><\/p>\n<p style=\"text-align: justify;\">\u00a0Ej\u00e9rcito sirio avanza en Idleb y libera ocho nuevas localidades y una monta\u00f1a<br \/>\nEj\u00e9rcito entra en t\u00fanel abandonado por terroristas y comunica a dos poblados en Idleb<br \/>\nTerroristas proturcos cortan el agua potable a la ciudad de Hasakeh<br \/>\nLavrov: Turqu\u00eda incumpli\u00f3 sus compromisos en virtud del acuerdo de Sochi sobre Idleb<br \/>\nPlanifican en mayo pr\u00f3ximo poner en servicio la l\u00ednea ferrocarril entre Damasco y Alepo<br \/>\nDos palestinos caen m\u00e1rtires en la agresi\u00f3n israel\u00ed con misiles cerca de Damasco<br \/>\nResistencia palestina dispara cohetes contra los asentamientos israel\u00edes<br \/>\nClub Al-Jaish vence a su rival Hilal al-Quds 1-0<\/p>\n<p style=\"text-align: justify;\"><strong>Ej\u00e9rcito sirio avanza en Idleb y libera ocho nuevas localidades y una monta\u00f1a<\/strong><\/p>\n<p style=\"text-align: justify;\">El ej\u00e9rcito \u00e1rabe sirio logr\u00f3 nuevos avances en su lucha contra los grupos terroristas en la provincia de Idleb, y liber\u00f3 ocho nuevas localidades y una monta\u00f1a.<\/p>\n<p style=\"text-align: justify;\">El corresponsal de SANA report\u00f3 que los militares expulsaron a los terroristas del monte al-Nar y de las localidades de Sheikh Mustafa, Nakir, Kafer Sayneh, Arenbeh, Satouh al-Deer, Maaret Hermeh, Maar Zieta y Ybala, ubicados en el campo de Idleb en el sur de Idleb.<\/p>\n<p style=\"text-align: justify;\">Detall\u00f3 que los uniformados entraron en violentos choques con los terroristas de la organizaci\u00f3n Frente al-Nusra y otro grupos asociados apoyados por el r\u00e9gimen turco, as\u00ed como les destruyeron equipos b\u00e9licos y blindados utilizados en los ataques contra los puestos militares del ej\u00e9rcito sirio encargados de proteger las aldeas liberadas del terrorismo.<\/p>\n<p style=\"text-align: justify;\">En la v\u00edspera, el ej\u00e9rcito liber\u00f3 hoy los poblados de Sheikh Dames y Hantout\u00edn al oeste de la ciudad de Maaret Al-Nouman.<\/p>\n<p style=\"text-align: justify;\">Los militares sirios detectaron a grupos terroristas que se mov\u00edan en las cercan\u00edas de las localidades de Kafer Nubol, Marzeta y al-Fateira al suroeste de Maaret al-Nouman, y los atacaron con artiller\u00eda y misiles cortando sus rutas de abastecimiento y destruyendo sus fortificaciones y sedes.<\/p>\n<p style=\"text-align: justify;\">La v\u00edspera, las unidades del ej\u00e9rcito \u00e1rabe sirio lanzaron ataques enfocados con cohetes contra las posiciones de los terroristas apoyados por el r\u00e9gimen turco en las localidades de Joseph, Sfohn, KafrAweid, Kansafra, Ahsem, Benin, Fatira, Bara y Serjeh en la regi\u00f3n de Jabal al-Zawiya, adem\u00e1s de al-Mastuma, en Idleb.<\/p>\n<p style=\"text-align: justify;\"><strong>Ej\u00e9rcito entra en t\u00fanel abandonado por terroristas y comunica a dos poblados en Idleb<\/strong><\/p>\n<p style=\"text-align: justify;\">Las unidades del ej\u00e9rcito descubrieron un t\u00fanel subterr\u00e1neo que fue excavado por los terroristas y comunica las localidades entre Kafer Sayeneh y Amerieh, en la provincia de Idleb.<\/p>\n<p style=\"text-align: justify;\"><strong>Terroristas proturcos cortan el agua potable a la ciudad de Hasakeh<\/strong><\/p>\n<p style=\"text-align: justify;\">En el marco de sus acciones criminales contra la poblaci\u00f3n civil, las organizaciones terroristas apoyados por el r\u00e9gimen turco cortaron el suministro de agua potable a la ciudad de Hasakeh, cabecera de la provincia hom\u00f3nima, y a las zonas residenciales circundantes.<\/p>\n<p style=\"text-align: justify;\">Seg\u00fan medios locales, mercenarios del ocupante turco que controlan la planta Alouk de bombeo de agua, procedieron a cortar el suministro de agua potable a la capital provincial Hasakeh y a la ciudad de Tal Nemer y zonas residenciales subyacentes.<\/p>\n<p style=\"text-align: justify;\">A saber, la Planta Alouk est\u00e1 ubicada cerca de la frontera sirio-turca y representa la principal fuente para el abastecimiento de agua potable para la ciudad de Hasakeh y las zonas residenciales circundantes.<\/p>\n<p style=\"text-align: justify;\"><strong>Lavrov: Turqu\u00eda incumpli\u00f3 sus compromisos en virtud del acuerdo de Sochi sobre Idleb<\/strong><\/p>\n<p style=\"text-align: justify;\">El ministro de Exteriores de Rusia, Sergei Lavrov, reafirm\u00f3 la necesidad de eliminar el terrorismo en la provincia siria de Idleb, e indic\u00f3 que Turqu\u00eda no ha cumplido sus obligaciones en virtud del Acuerdo de Sochi.<\/p>\n<p style=\"text-align: justify;\">\u00a0\u201cLos terroristas de la organizaci\u00f3n Frente Al-Nousra inscrita en la lista de entidades terroristas del Consejo de Seguridad, est\u00e1n presentes en Idleb y atacan a los civiles en las \u00e1reas vecinas y tambi\u00e9n a las posiciones del ej\u00e9rcito sirio y la base de Hemeimem\u201d, dijo Lavrov en una conferencia de prensa con su hom\u00f3logo tayiko, Sirajuddin Mehr al-Din, en Mosc\u00fa.<\/p>\n<p style=\"text-align: justify;\">Hizo hincapi\u00e9 en la necesidad de erradicar a los terroristas dondequiera que est\u00e9n, y manifest\u00f3 que \u201cTurqu\u00eda no ha cumplido sus obligaciones en virtud del Acuerdo de Sochi sobre Idleb, y debe implementarlo&#8221;.<\/p>\n<p style=\"text-align: justify;\">El Acuerdo de Sochi confirma la necesidad de seguir combatiendo el terrorismo en Siria en todas sus formas y manifestaciones y es parte de los acuerdos previos sobre zonas de distensi\u00f3n que resultaron del proceso de Astan\u00e1 que comenz\u00f3 en 2017.<\/p>\n<p style=\"text-align: justify;\">Asimismo, el jefe de la diplomacia rusa expres\u00f3 su preocupaci\u00f3n por el apoyo de los pa\u00edses occidentales, particularmente Estados Unidos a los terroristas de Al-Nousra para lograr sus agendas geopol\u00edticas en Siria.<\/p>\n<p style=\"text-align: justify;\">Concluy\u00f3 con enfatizar que la guerra contra el terrorismo debe continuar en Siria y en cualquier parte del mundo.<\/p>\n<p style=\"text-align: justify;\"><strong>Planifican en mayo pr\u00f3ximo poner en servicio la l\u00ednea ferrocarril entre Damasco y Alepo<\/strong><\/p>\n<p style=\"text-align: justify;\">Los equipos de mantenimiento del Ministerio de Transporte contin\u00faan sus labores de rehabilitaci\u00f3n y reparaci\u00f3n de la l\u00ednea ferrocarril que une la ciudad de Alepo con Damasco, la cual sufri\u00f3 afectaciones debido a los actos de terrorismo.<\/p>\n<p style=\"text-align: justify;\">El ministerio tiene previsto poner la v\u00eda en servicio en mayo pr\u00f3ximo, seg\u00fan comenta Nayib Fares, Gerente de la Empresa Estatal de Ferrocarriles.<\/p>\n<p style=\"text-align: justify;\">Fares se\u00f1al\u00f3 que la v\u00eda f\u00e9rrea Alepo-Damasco tiene 400 kil\u00f3metros de longitud y representa una necesidad econ\u00f3mica ya que juega un papel importante en el transporte de bienes y pasajeros entre las diferentes zonas del pa\u00eds, adem\u00e1s de servir como medio para transportar combustible a las centrales el\u00e9ctricas de Mahardah y Zara en la provincia central de Hama y las centrales en Damasco, as\u00ed como transportar cereales a los silos de Alepo, Hama, Homs y Damasco.<\/p>\n<p style=\"text-align: justify;\">En cuanto a la l\u00ednea ferrocarril que va desde Alepo a Yebrin en el norte, Fares dijo que la misma fue restaurada tras liberar la ciudad de Alepo por el ej\u00e9rcito sirio a finales del 2016.<\/p>\n<p style=\"text-align: justify;\">Explic\u00f3 que las organizaciones terroristas desmantelaron y robaron 46 kil\u00f3metros del total de la l\u00ednea.<\/p>\n<p style=\"text-align: justify;\">Se rehabilit\u00f3 por completo la l\u00ednea ferrocarril que une la ciudad de Homs con la capital Damasco, la cual tiene una longitud de aproximadamente 150 kil\u00f3metros, y adem\u00e1s se repararon ocho puentes destruidos por el terrorismo\u201d, concluy\u00f3 el Gerente de la Empresa.<\/p>\n<p style=\"text-align: justify;\"><strong>Dos palestinos caen m\u00e1rtires en la agresi\u00f3n israel\u00ed con misiles cerca de Damasco<\/strong><\/p>\n<p style=\"text-align: justify;\">Dos palestinos del movimiento de la Yihad Isl\u00e1mica perdieron la vida por los ataques israel\u00edes con misiles que se produjeron la v\u00edspera contra las zonas perif\u00e9ricas de Damasco<\/p>\n<p style=\"text-align: justify;\">Seg\u00fan un comunicado emitido por la ala militar del movimiento, cayeron m\u00e1rtires Salim Ahmed Salim, de 24 a\u00f1os, y Ziyad Ahmed Mansour, de 23 a\u00f1os.<\/p>\n<p style=\"text-align: justify;\">A las 23:25 pm de la noche del domingo, las defensas antia\u00e9reas repelieron ataque israel\u00ed y derriba la mayor\u00eda de los misiles antes de alcanzar sus blancos.<\/p>\n<p style=\"text-align: justify;\"><strong>Resistencia palestina dispara cohetes contra los asentamientos israel\u00edes<\/strong><\/p>\n<p style=\"text-align: justify;\">La resistencia palestina lanz\u00f3 un ataque con misiles contra\u00a0 los asentamientos israel\u00edes en respuesta a la continua agresi\u00f3n israel\u00ed contra la asediada Franja de Gaza.<\/p>\n<p style=\"text-align: justify;\">Medios palestinos informaron que la resistencia dispar\u00f3 10 misiles desde la Franja de Gaza hacia un asentamiento sionista.<\/p>\n<p style=\"text-align: justify;\">La aviaci\u00f3n del ocupante israel\u00ed atac\u00f3 la v\u00edspera con varios misiles a la localidad de Al-Tuffah, al este de la ciudad de Gaza, e hiri\u00f3 a cuatro palestinos.<\/p>\n<p style=\"text-align: justify;\">Adem\u00e1s, bombarde\u00f3 varias ciudades de Beit Lahiya al norte de Gaza causando da\u00f1os materiales en las propiedades de los palestinos, mientras un joven palestino cay\u00f3 m\u00e1rtir y otros tres resultaron heridos por disparos de las fuerzas de ocupaci\u00f3n en Khan Younis.<\/p>\n<p style=\"text-align: justify;\"><strong>Club Al-Jaish vence a su rival Hilal al-Quds 1-0<\/strong><\/p>\n<p style=\"text-align: justify;\">El club sirio de Al-Jaish gan\u00f3 1-0 a su rival Hilal al-Quds de Palestina en la Copa de Asia de F\u00fatbol.<\/p>\n<p style=\"text-align: justify;\">La contienda tuvo lugar en la capital jordana Amm\u00e1n y se celebr\u00f3 en el marco de la segunda ronda del Campeonato de la Copa de Asia.<\/p>\n<p style=\"text-align: justify;\">El \u00fanico gol del partido fue anotado por el jugador mohamad Al-Waked en el minuto 37.<\/p>\n<p style=\"text-align: justify;\">Con esta victoria, Al-Jaish marcha en el primer lugar con 4 puntos.<\/p>\n<p style=\"text-align: justify;\"><span style=\"color: #3366ff;\"><strong>Cont\u00e1ctenos: <\/strong><\/span><\/p>\n<p style=\"text-align: justify;\"><span style=\"color: #3366ff;\"><strong>agenciasanadenoticias<\/strong><strong>@<\/strong><strong>gmail.com<\/strong><\/span><\/p>\n<p style=\"text-align: justify;\"><span style=\"color: #3366ff;\"><strong>Tel\u00e9fono: 00 963 11 5490700<\/strong><\/span><\/p>\n<p style=\"text-align: justify;\"><span style=\"color: #3366ff;\"><strong>\u00a0<\/strong><\/span><\/p>\n<p style=\"text-align: justify;\"><strong>\u00a0<\/strong><\/p>\n","protected":false},"excerpt":{"rendered":"<p>Damasco, SANA Les ofrecemos a continuaci\u00f3n, un resumen de las m\u00e1s destacadas noticias de Siria publicadas por nuestra agencia: Para actualizarse m\u00e1s de Siria y ver videos, fotos y reportajes en espa\u00f1ol s\u00edguenos en nuestro sitiohttps:\/\/www.sana.sy\/es\/, nuestras p\u00e1ginas en Facebookhttps:\/\/www.facebook.com\/SANA.Noticias\/ \u00a0y en Twitterhttps:\/\/twitter.com\/SanaAgencia. \u00a0Ej\u00e9rcito sirio avanza en Idleb y libera ocho nuevas localidades y una &hellip;<\/p>\n","protected":false},"author":32,"featured_media":132185,"comment_status":"closed","ping_status":"closed","sticky":false,"template":"","format":"standard","meta":{"footnotes":""},"categories":[447,555,597],"tags":[17591],"class_list":["post-132294","post","type-post","status-publish","format-standard","has-post-thumbnail","","category-local-politica","category-prensa","category-cinta-de-noticias","tag-boletin-informativo-martes-25-de-febrero-del-2020"],"_links":{"self":[{"href":"https:\/\/archive.sana.sy\/es\/index.php?rest_route=\/wp\/v2\/posts\/132294"}],"collection":[{"href":"https:\/\/archive.sana.sy\/es\/index.php?rest_route=\/wp\/v2\/posts"}],"about":[{"href":"https:\/\/archive.sana.sy\/es\/index.php?rest_route=\/wp\/v2\/types\/post"}],"author":[{"embeddable":true,"href":"https:\/\/archive.sana.sy\/es\/index.php?rest_route=\/wp\/v2\/users\/32"}],"replies":[{"embeddable":true,"href":"https:\/\/archive.sana.sy\/es\/index.php?rest_route=%2Fwp%2Fv2%2Fcomments&post=132294"}],"version-history":[{"count":0,"href":"https:\/\/archive.sana.sy\/es\/index.php?rest_route=\/wp\/v2\/posts\/132294\/revisions"}],"wp:featuredmedia":[{"embeddable":true,"href":"https:\/\/archive.sana.sy\/es\/index.php?rest_route=\/wp\/v2\/media\/132185"}],"wp:attachment":[{"href":"https:\/\/archive.sana.sy\/es\/index.php?rest_route=%2Fwp%2Fv2%2Fmedia&parent=132294"}],"wp:term":[{"taxonomy":"category","embeddable":true,"href":"https:\/\/archive.sana.sy\/es\/index.php?rest_route=%2Fwp%2Fv2%2Fcategories&post=132294"},{"taxonomy":"post_tag","embeddable":true,"href":"https:\/\/archive.sana.sy\/es\/index.php?rest_route=%2Fwp%2Fv2%2Ftags&post=132294"}],"curies":[{"name":"wp","href":"https:\/\/api.w.org\/{rel}","templated":true}]}}