{"id":132326,"date":"2020-02-25T11:11:40","date_gmt":"2020-02-25T09:11:40","guid":{"rendered":"http:\/\/sana.sy\/es\/?p=132326"},"modified":"2020-02-25T13:12:32","modified_gmt":"2020-02-25T11:12:32","slug":"durante-19-anos-se-graduaron-14-mil-extranjeros-de-la-escuela-de-ensenanza-del-arabe-en-damasco","status":"publish","type":"post","link":"https:\/\/archive.sana.sy\/es\/?p=132326","title":{"rendered":"Durante 19 a\u00f1os, se graduaron 14 mil extranjeros de la Escuela de Ense\u00f1anza del \u00c1rabe en Damasco"},"content":{"rendered":"<p><strong><span style=\"color: #800000;\">Damasco, SANA<\/span><\/strong><\/p>\n<div id='gallery-1' class='gallery galleryid-132326 gallery-columns-1 gallery-size-large'><figure class='gallery-item'>\n\t\t\t<div class='gallery-icon landscape'>\n\t\t\t\t<a href='https:\/\/archive.sana.sy\/es\/wp-content\/uploads\/2020\/02\/MAH_6684-300x200-1.jpg'><img loading=\"lazy\" decoding=\"async\" width=\"300\" height=\"200\" src=\"https:\/\/archive.sana.sy\/es\/wp-content\/uploads\/2020\/02\/MAH_6684-300x200-1.jpg\" class=\"attachment-large size-large\" alt=\"\" srcset=\"https:\/\/archive.sana.sy\/es\/wp-content\/uploads\/2020\/02\/MAH_6684-300x200-1.jpg 300w, https:\/\/archive.sana.sy\/es\/wp-content\/uploads\/2020\/02\/MAH_6684-300x200-1-150x100.jpg 150w\" sizes=\"(max-width: 300px) 100vw, 300px\" \/><\/a>\n\t\t\t<\/div><\/figure><figure class='gallery-item'>\n\t\t\t<div class='gallery-icon landscape'>\n\t\t\t\t<a href='https:\/\/archive.sana.sy\/es\/wp-content\/uploads\/2020\/02\/85212410_1818457761621045_1357451656878358528_n.jpg'><img loading=\"lazy\" decoding=\"async\" width=\"618\" height=\"411\" src=\"https:\/\/archive.sana.sy\/es\/wp-content\/uploads\/2020\/02\/85212410_1818457761621045_1357451656878358528_n.jpg\" class=\"attachment-large size-large\" alt=\"\" srcset=\"https:\/\/archive.sana.sy\/es\/wp-content\/uploads\/2020\/02\/85212410_1818457761621045_1357451656878358528_n.jpg 960w, https:\/\/archive.sana.sy\/es\/wp-content\/uploads\/2020\/02\/85212410_1818457761621045_1357451656878358528_n-300x199.jpg 300w, https:\/\/archive.sana.sy\/es\/wp-content\/uploads\/2020\/02\/85212410_1818457761621045_1357451656878358528_n-150x100.jpg 150w, https:\/\/archive.sana.sy\/es\/wp-content\/uploads\/2020\/02\/85212410_1818457761621045_1357451656878358528_n-768x510.jpg 768w, https:\/\/archive.sana.sy\/es\/wp-content\/uploads\/2020\/02\/85212410_1818457761621045_1357451656878358528_n-310x205.jpg 310w\" sizes=\"(max-width: 618px) 100vw, 618px\" \/><\/a>\n\t\t\t<\/div><\/figure><figure class='gallery-item'>\n\t\t\t<div class='gallery-icon landscape'>\n\t\t\t\t<a href='https:\/\/archive.sana.sy\/es\/wp-content\/uploads\/2020\/02\/87729889_1818457524954402_9033874600831746048_n.jpg'><img loading=\"lazy\" decoding=\"async\" width=\"618\" height=\"388\" src=\"https:\/\/archive.sana.sy\/es\/wp-content\/uploads\/2020\/02\/87729889_1818457524954402_9033874600831746048_n.jpg\" class=\"attachment-large size-large\" alt=\"\" srcset=\"https:\/\/archive.sana.sy\/es\/wp-content\/uploads\/2020\/02\/87729889_1818457524954402_9033874600831746048_n.jpg 960w, https:\/\/archive.sana.sy\/es\/wp-content\/uploads\/2020\/02\/87729889_1818457524954402_9033874600831746048_n-300x188.jpg 300w, https:\/\/archive.sana.sy\/es\/wp-content\/uploads\/2020\/02\/87729889_1818457524954402_9033874600831746048_n-150x94.jpg 150w, https:\/\/archive.sana.sy\/es\/wp-content\/uploads\/2020\/02\/87729889_1818457524954402_9033874600831746048_n-768x482.jpg 768w\" sizes=\"(max-width: 618px) 100vw, 618px\" \/><\/a>\n\t\t\t<\/div><\/figure><figure class='gallery-item'>\n\t\t\t<div class='gallery-icon landscape'>\n\t\t\t\t<a href='https:\/\/archive.sana.sy\/es\/wp-content\/uploads\/2020\/02\/MAH_6753-scaled-1.jpg'><img loading=\"lazy\" decoding=\"async\" width=\"618\" height=\"386\" src=\"https:\/\/archive.sana.sy\/es\/wp-content\/uploads\/2020\/02\/MAH_6753-scaled-1-1024x640.jpg\" class=\"attachment-large size-large\" alt=\"\" srcset=\"https:\/\/archive.sana.sy\/es\/wp-content\/uploads\/2020\/02\/MAH_6753-scaled-1-1024x640.jpg 1024w, https:\/\/archive.sana.sy\/es\/wp-content\/uploads\/2020\/02\/MAH_6753-scaled-1-300x188.jpg 300w, https:\/\/archive.sana.sy\/es\/wp-content\/uploads\/2020\/02\/MAH_6753-scaled-1-150x94.jpg 150w, https:\/\/archive.sana.sy\/es\/wp-content\/uploads\/2020\/02\/MAH_6753-scaled-1-768x480.jpg 768w, https:\/\/archive.sana.sy\/es\/wp-content\/uploads\/2020\/02\/MAH_6753-scaled-1-1536x960.jpg 1536w, https:\/\/archive.sana.sy\/es\/wp-content\/uploads\/2020\/02\/MAH_6753-scaled-1-2048x1280.jpg 2048w\" sizes=\"(max-width: 618px) 100vw, 618px\" \/><\/a>\n\t\t\t<\/div><\/figure>\n\t\t<\/div>\n\n<p>&nbsp;<\/p>\n","protected":false},"excerpt":{"rendered":"<p>Damasco, SANA &nbsp;<\/p>\n","protected":false},"author":32,"featured_media":132331,"comment_status":"closed","ping_status":"closed","sticky":false,"template":"","format":"standard","meta":{"footnotes":""},"categories":[571],"tags":[],"class_list":["post-132326","post","type-post","status-publish","format-standard","has-post-thumbnail","","category-siria-en-fotos"],"_links":{"self":[{"href":"https:\/\/archive.sana.sy\/es\/index.php?rest_route=\/wp\/v2\/posts\/132326"}],"collection":[{"href":"https:\/\/archive.sana.sy\/es\/index.php?rest_route=\/wp\/v2\/posts"}],"about":[{"href":"https:\/\/archive.sana.sy\/es\/index.php?rest_route=\/wp\/v2\/types\/post"}],"author":[{"embeddable":true,"href":"https:\/\/archive.sana.sy\/es\/index.php?rest_route=\/wp\/v2\/users\/32"}],"replies":[{"embeddable":true,"href":"https:\/\/archive.sana.sy\/es\/index.php?rest_route=%2Fwp%2Fv2%2Fcomments&post=132326"}],"version-history":[{"count":0,"href":"https:\/\/archive.sana.sy\/es\/index.php?rest_route=\/wp\/v2\/posts\/132326\/revisions"}],"wp:featuredmedia":[{"embeddable":true,"href":"https:\/\/archive.sana.sy\/es\/index.php?rest_route=\/wp\/v2\/media\/132331"}],"wp:attachment":[{"href":"https:\/\/archive.sana.sy\/es\/index.php?rest_route=%2Fwp%2Fv2%2Fmedia&parent=132326"}],"wp:term":[{"taxonomy":"category","embeddable":true,"href":"https:\/\/archive.sana.sy\/es\/index.php?rest_route=%2Fwp%2Fv2%2Fcategories&post=132326"},{"taxonomy":"post_tag","embeddable":true,"href":"https:\/\/archive.sana.sy\/es\/index.php?rest_route=%2Fwp%2Fv2%2Ftags&post=132326"}],"curies":[{"name":"wp","href":"https:\/\/api.w.org\/{rel}","templated":true}]}}