{"id":132351,"date":"2020-02-25T15:28:11","date_gmt":"2020-02-25T13:28:11","guid":{"rendered":"http:\/\/sana.sy\/es\/?p=132351"},"modified":"2020-02-25T15:28:11","modified_gmt":"2020-02-25T13:28:11","slug":"lavrov-ratifica-necesidad-de-erradicar-el-terrorismo-en-idleb-siria","status":"publish","type":"post","link":"https:\/\/archive.sana.sy\/es\/?p=132351","title":{"rendered":"Lavrov ratifica necesidad de erradicar el terrorismo en Idleb, Siria"},"content":{"rendered":"<p style=\"text-align: justify;\"><span style=\"color: #800000;\"><strong>Ginebra, SANA<\/strong><\/span><\/p>\n<p style=\"text-align: justify;\">El ministro de Exteriores de Rusia, Sergei Lavrov, ratific\u00f3 la necesidad de erradicar el terrorismo en la provincia siria de Idleb e inst\u00f3 a la comunidad internacional a hacer una contribuci\u00f3n real en la lucha contra el terrorismo, que seg\u00fan el diplom\u00e1tico, constituye una amenaza para la seguridad y la estabilidad en el mundo.<\/p>\n<p style=\"text-align: justify;\">En un discurso pronunciado ante la 43\u00aa sesi\u00f3n del Consejo de Derechos Humanos de las Naciones Unidas en Ginebra, Lavrov indic\u00f3 que algunos pa\u00edses apoyan a los terroristas al servicio de la implementaci\u00f3n de sus propias agendas, como es el caso de Idleb, y subray\u00f3 la necesidad de eliminar el terrorismo en esa provincia.<\/p>\n<p style=\"text-align: justify;\">&#8220;Algunos colegas justifican las atrocidades de las organizaciones terroristas y hablan de un armisticio con los terroristas en Idleb lo cual que no representa una preocupaci\u00f3n por los derechos humanos, sino es un apoyo a los extremistas y una violaci\u00f3n flagrante de los acuerdos internacionales y las resoluciones del Consejo de Seguridad&#8221;, dijo el jefe de la diplomacia rusa.<\/p>\n<p style=\"text-align: justify;\">Enfatiz\u00f3 que la comunidad internacional debe combatir el terrorismo dondequiera ya que constituye una amenaza para la seguridad y la estabilidad en el mundo.<\/p>\n<p style=\"text-align: justify;\">Seg\u00fan el canciller ruso, &#8220;la propagaci\u00f3n del terrorismo en Medio Oriente y \u00c1frica del Norte y la intervenci\u00f3n de la OTAN en Libia llevaron a una crisis migratoria, y Europa deber\u00eda trabajar para deshacerse de las razones que llevaron a esto al encontrar soluciones pol\u00edticas a las crisis internacionales sobre la base del di\u00e1logo y el compromiso con la Carta de las Naciones Unidas y no mediante el uso de lemas Derechos Humanos en juegos pol\u00edticos.<\/p>\n<p style=\"text-align: justify;\"><span style=\"color: #800000;\"><strong>F.M<\/strong><\/span><\/p>\n<p style=\"text-align: justify;\">\n","protected":false},"excerpt":{"rendered":"<p>Ginebra, SANA El ministro de Exteriores de Rusia, Sergei Lavrov, ratific\u00f3 la necesidad de erradicar el terrorismo en la provincia siria de Idleb e inst\u00f3 a la comunidad internacional a hacer una contribuci\u00f3n real en la lucha contra el terrorismo, que seg\u00fan el diplom\u00e1tico, constituye una amenaza para la seguridad y la estabilidad en el &hellip;<\/p>\n","protected":false},"author":34,"featured_media":132352,"comment_status":"closed","ping_status":"closed","sticky":false,"template":"","format":"standard","meta":{"footnotes":""},"categories":[597,467,7541],"tags":[],"class_list":["post-132351","post","type-post","status-publish","format-standard","has-post-thumbnail","","category-cinta-de-noticias","category-siria-y-el-mundo","category-ultimas-noticias"],"_links":{"self":[{"href":"https:\/\/archive.sana.sy\/es\/index.php?rest_route=\/wp\/v2\/posts\/132351"}],"collection":[{"href":"https:\/\/archive.sana.sy\/es\/index.php?rest_route=\/wp\/v2\/posts"}],"about":[{"href":"https:\/\/archive.sana.sy\/es\/index.php?rest_route=\/wp\/v2\/types\/post"}],"author":[{"embeddable":true,"href":"https:\/\/archive.sana.sy\/es\/index.php?rest_route=\/wp\/v2\/users\/34"}],"replies":[{"embeddable":true,"href":"https:\/\/archive.sana.sy\/es\/index.php?rest_route=%2Fwp%2Fv2%2Fcomments&post=132351"}],"version-history":[{"count":0,"href":"https:\/\/archive.sana.sy\/es\/index.php?rest_route=\/wp\/v2\/posts\/132351\/revisions"}],"wp:featuredmedia":[{"embeddable":true,"href":"https:\/\/archive.sana.sy\/es\/index.php?rest_route=\/wp\/v2\/media\/132352"}],"wp:attachment":[{"href":"https:\/\/archive.sana.sy\/es\/index.php?rest_route=%2Fwp%2Fv2%2Fmedia&parent=132351"}],"wp:term":[{"taxonomy":"category","embeddable":true,"href":"https:\/\/archive.sana.sy\/es\/index.php?rest_route=%2Fwp%2Fv2%2Fcategories&post=132351"},{"taxonomy":"post_tag","embeddable":true,"href":"https:\/\/archive.sana.sy\/es\/index.php?rest_route=%2Fwp%2Fv2%2Ftags&post=132351"}],"curies":[{"name":"wp","href":"https:\/\/api.w.org\/{rel}","templated":true}]}}