{"id":132416,"date":"2020-02-25T20:17:12","date_gmt":"2020-02-25T18:17:12","guid":{"rendered":"http:\/\/sana.sy\/es\/?p=132416"},"modified":"2023-01-10T14:34:05","modified_gmt":"2023-01-10T12:34:05","slug":"presidente-del-parlamento-sirio-se-reune-con-representantes-de-organizaciones-juveniles-de-marruecos","status":"publish","type":"post","link":"https:\/\/archive.sana.sy\/es\/?p=132416","title":{"rendered":"Presidente del Parlamento sirio se re\u00fane con representantes de organizaciones juveniles de Marruecos"},"content":{"rendered":"<p style=\"text-align: justify;\"><strong><span style=\"color: #800000;\">Damasco, SANA<\/span><\/strong><\/p>\n<p style=\"text-align: justify;\">El presidente del Parlamento sirio, Hammudah Sabbagh, recibi\u00f3 a una delegaci\u00f3n marroqu\u00ed integrada por representantes de entidades juveniles.<\/p>\n<p style=\"text-align: justify;\">Sabbagh resalt\u00f3 la importancia de mantener contacto con las organizaciones estudiantiles y juveniles \u00e1rabes, y destac\u00f3 que Siria cuenta con los pueblos \u00e1rabes conscientes para hacer frente a los planes del neocolonialismo.<\/p>\n<p style=\"text-align: justify;\">\u201cSiria valora altamente la participaci\u00f3n de los soldados marroqu\u00edes junto a sus hermanos sirios en la guerra de liberaci\u00f3n de Octubre en 1973 y honra sus sacrificios en defensa del territorio sirio\u201d, dij0o Sabbag.<\/p>\n<p style=\"text-align: justify;\">Por su parte, Mustafa Tay, Subsecretario General de la Organizaci\u00f3n Independista Juvenil de Marruecos y jefe de la delegaci\u00f3n, se\u00f1al\u00f3 que esta visita tiene como objetivo expresar la solidaridad con Siria y su pueblo frente a la guerra terrorista.<\/p>\n<p style=\"text-align: justify;\">Expres\u00f3 su disposici\u00f3n de transmitir la verdadera imagen de lo que est\u00e1 ocurriendo en Siria a la opini\u00f3n p\u00fablica de su pa\u00eds.<\/p>\n<p style=\"text-align: justify;\">\u201cTengo fe en la capacidad de Siria para lograr la victoria definitiva sobre el terrorismo\u201d, afirm\u00f3.<\/p>\n<p style=\"text-align: justify;\">A su vez, los miembros de la delegaci\u00f3n manifestaron su apoyo a la soberan\u00eda e integridad territorial de Siria, y destacaron la necesidad de que los lazos pol\u00edticos y parlamentarios entre ambas naciones recuperen fuerza.<\/p>\n<p style=\"text-align: justify;\"><span style=\"color: #800000;\"><strong>L.A\/F.M<\/strong><\/span><\/p>\n","protected":false},"excerpt":{"rendered":"<p>Damasco, SANA El presidente del Parlamento sirio, Hammudah Sabbagh, recibi\u00f3 a una delegaci\u00f3n marroqu\u00ed integrada por representantes de entidades juveniles. Sabbagh resalt\u00f3 la importancia de mantener contacto con las organizaciones estudiantiles y juveniles \u00e1rabes, y destac\u00f3 que Siria cuenta con los pueblos \u00e1rabes conscientes para hacer frente a los planes del neocolonialismo. \u201cSiria valora altamente &hellip;<\/p>\n","protected":false},"author":24,"featured_media":132419,"comment_status":"closed","ping_status":"closed","sticky":false,"template":"","format":"standard","meta":{"footnotes":""},"categories":[447,597,476],"tags":[],"class_list":["post-132416","post","type-post","status-publish","format-standard","has-post-thumbnail","","category-local-politica","category-cinta-de-noticias","category-locales"],"_links":{"self":[{"href":"https:\/\/archive.sana.sy\/es\/index.php?rest_route=\/wp\/v2\/posts\/132416"}],"collection":[{"href":"https:\/\/archive.sana.sy\/es\/index.php?rest_route=\/wp\/v2\/posts"}],"about":[{"href":"https:\/\/archive.sana.sy\/es\/index.php?rest_route=\/wp\/v2\/types\/post"}],"author":[{"embeddable":true,"href":"https:\/\/archive.sana.sy\/es\/index.php?rest_route=\/wp\/v2\/users\/24"}],"replies":[{"embeddable":true,"href":"https:\/\/archive.sana.sy\/es\/index.php?rest_route=%2Fwp%2Fv2%2Fcomments&post=132416"}],"version-history":[{"count":0,"href":"https:\/\/archive.sana.sy\/es\/index.php?rest_route=\/wp\/v2\/posts\/132416\/revisions"}],"wp:featuredmedia":[{"embeddable":true,"href":"https:\/\/archive.sana.sy\/es\/index.php?rest_route=\/wp\/v2\/media\/132419"}],"wp:attachment":[{"href":"https:\/\/archive.sana.sy\/es\/index.php?rest_route=%2Fwp%2Fv2%2Fmedia&parent=132416"}],"wp:term":[{"taxonomy":"category","embeddable":true,"href":"https:\/\/archive.sana.sy\/es\/index.php?rest_route=%2Fwp%2Fv2%2Fcategories&post=132416"},{"taxonomy":"post_tag","embeddable":true,"href":"https:\/\/archive.sana.sy\/es\/index.php?rest_route=%2Fwp%2Fv2%2Ftags&post=132416"}],"curies":[{"name":"wp","href":"https:\/\/api.w.org\/{rel}","templated":true}]}}