{"id":132493,"date":"2020-02-26T12:43:02","date_gmt":"2020-02-26T10:43:02","guid":{"rendered":"http:\/\/sana.sy\/es\/?p=132493"},"modified":"2020-02-26T12:43:02","modified_gmt":"2020-02-26T10:43:02","slug":"comando-general-del-ejercito-destaca-avances-en-idleb-y-ratifica-que-los-operativos-continuaran-erradicar-el-terrorismo","status":"publish","type":"post","link":"https:\/\/archive.sana.sy\/es\/?p=132493","title":{"rendered":"Comando General del Ej\u00e9rcito destaca avances en Idleb y ratifica que los operativos continuar\u00e1n erradicar el terrorismo"},"content":{"rendered":"<p style=\"text-align: justify;\"><strong><span style=\"color: #800000;\">Damasco, SANA<\/span><\/strong><\/p>\n<p style=\"text-align: justify;\">El Comando General del Ej\u00e9rcito las Fuerzas Armadas ratific\u00f3 hoy la determinaci\u00f3n de seguir cumpliendo su deber nacional hasta liberar todo el territorio de la Rep\u00fablica \u00c1rabe Siria del terrorismo.<\/p>\n<p style=\"text-align: justify;\">En una declaraci\u00f3n le\u00edda por el vocero del Ministerio de Defensa, el Comando General anuncia los nuevos avances logrados por las unidades del Ej\u00e9rcito \u00c1rabe Sirio que operan en el sur de Idleb, donde las organizaciones terroristas armadas sufrieron numerosas bajas y grandes p\u00e9rdidas en su material b\u00e9lico.<\/p>\n<p style=\"text-align: justify;\">&#8220;Durante los recientes d\u00edas, los valientes soldados del ej\u00e9rcito retomaron el control de numerosas localidades y montes como Kafer Nubol, Kafer Sejnah, Sheikh Mustafa, Hass, Maaret Horma, Deir Sunbol, Dar al-Kabira, Hazaren, entre otras, donde fueron abatidos terroristas y se cortaron las rutas de suministro de los radicales&#8221;, afirm\u00f3 el vocero.<\/p>\n<p style=\"text-align: justify;\">Explic\u00f3 que la importancia de las \u00e1reas liberadas radica en el hecho de ser bastiones yihadistas en el sur de Idleb y constituyen un punto de enlace entre los montes de Shajashbol, Arbayeen y Zawiyah con la llanura al-Ghab.<\/p>\n<p style=\"text-align: justify;\">En un comunicado, el Comando General del Ej\u00e9rcito ratific\u00f3 la determinaci\u00f3n de seguir cumpliendo el deber nacional hasta liberar todo el territorio de la Rep\u00fablica \u00c1rabe Siria del terrorismo y sus partidarios y erradicarlo dondequiera que se encuentre.<\/p>\n<p style=\"text-align: justify;\"><strong><span style=\"color: #0000ff;\">F.M\/W.S<\/span><\/strong><\/p>\n","protected":false},"excerpt":{"rendered":"<p>Damasco, SANA El Comando General del Ej\u00e9rcito las Fuerzas Armadas ratific\u00f3 hoy la determinaci\u00f3n de seguir cumpliendo su deber nacional hasta liberar todo el territorio de la Rep\u00fablica \u00c1rabe Siria del terrorismo. En una declaraci\u00f3n le\u00edda por el vocero del Ministerio de Defensa, el Comando General anuncia los nuevos avances logrados por las unidades del &hellip;<\/p>\n","protected":false},"author":35,"featured_media":132494,"comment_status":"closed","ping_status":"closed","sticky":false,"template":"","format":"standard","meta":{"footnotes":""},"categories":[477,597,573,476,583],"tags":[],"class_list":["post-132493","post","type-post","status-publish","format-standard","has-post-thumbnail","","category-noticias-edulcorantes","category-cinta-de-noticias","category-la-realidad-de-los-acontecimientos-en-siria","category-locales","category-slide"],"_links":{"self":[{"href":"https:\/\/archive.sana.sy\/es\/index.php?rest_route=\/wp\/v2\/posts\/132493"}],"collection":[{"href":"https:\/\/archive.sana.sy\/es\/index.php?rest_route=\/wp\/v2\/posts"}],"about":[{"href":"https:\/\/archive.sana.sy\/es\/index.php?rest_route=\/wp\/v2\/types\/post"}],"author":[{"embeddable":true,"href":"https:\/\/archive.sana.sy\/es\/index.php?rest_route=\/wp\/v2\/users\/35"}],"replies":[{"embeddable":true,"href":"https:\/\/archive.sana.sy\/es\/index.php?rest_route=%2Fwp%2Fv2%2Fcomments&post=132493"}],"version-history":[{"count":0,"href":"https:\/\/archive.sana.sy\/es\/index.php?rest_route=\/wp\/v2\/posts\/132493\/revisions"}],"wp:featuredmedia":[{"embeddable":true,"href":"https:\/\/archive.sana.sy\/es\/index.php?rest_route=\/wp\/v2\/media\/132494"}],"wp:attachment":[{"href":"https:\/\/archive.sana.sy\/es\/index.php?rest_route=%2Fwp%2Fv2%2Fmedia&parent=132493"}],"wp:term":[{"taxonomy":"category","embeddable":true,"href":"https:\/\/archive.sana.sy\/es\/index.php?rest_route=%2Fwp%2Fv2%2Fcategories&post=132493"},{"taxonomy":"post_tag","embeddable":true,"href":"https:\/\/archive.sana.sy\/es\/index.php?rest_route=%2Fwp%2Fv2%2Ftags&post=132493"}],"curies":[{"name":"wp","href":"https:\/\/api.w.org\/{rel}","templated":true}]}}