{"id":132502,"date":"2020-02-26T15:46:42","date_gmt":"2020-02-26T13:46:42","guid":{"rendered":"http:\/\/sana.sy\/es\/?p=132502"},"modified":"2023-01-10T14:34:03","modified_gmt":"2023-01-10T12:34:03","slug":"comienza-construccion-de-tres-centrales-electricas-por-un-valor-superior-al-mil-millon-de-euros","status":"publish","type":"post","link":"https:\/\/archive.sana.sy\/es\/?p=132502","title":{"rendered":"Comienza construcci\u00f3n de tres centrales el\u00e9ctricas por un valor superior al mil mill\u00f3n de euros"},"content":{"rendered":"<p style=\"text-align: justify;\"><span style=\"color: #800000;\"><strong>Damasco, SANA<\/strong><\/span><\/p>\n<p style=\"text-align: justify;\">La Empresa Estatal de Electricidad anunci\u00f3 la puesta en marcha de tres proyectos para la construcci\u00f3n de tres centrales de generaci\u00f3n de electricidad con el fin de satisfacer la creciente demanda y garantizar estabilidad en el suministro el\u00e9ctrico.<\/p>\n<p style=\"text-align: justify;\">Mahmoud Ramadan, Director General de la Empresa, habl\u00f3 de la construcci\u00f3n en marcha de una planta con una capacidad de generaci\u00f3n de \u00a0526 MW en la provincia costera de Latakia.<\/p>\n<p style=\"text-align: justify;\">El proyecto lo ejecuta el grupo de compa\u00f1\u00edas iran\u00edes Mabna Group por un valor de 411 millones de euros.<\/p>\n<p style=\"text-align: justify;\">Asimismo, se reanud\u00f3 el trabajo en la ampliaci\u00f3n de la central el\u00e9ctrica de Deir Ali cerca de Damasco tras la firma de un contrato con la empresa griega Mitka e Italiana Ansaldo.<\/p>\n<p style=\"text-align: justify;\">La ampliaci\u00f3n incluye una nueva planta que generar\u00e1 750 MW por un valor de 671 millones de euros.<\/p>\n<p style=\"text-align: justify;\">En cuanto al proyecto de expansi\u00f3n de la planta Tishreen al este de la capital, Ramadan indic\u00f3 que el mismo incluye dos grupos electr\u00f3genos con una capacidad de 200 vatios cada uno.<\/p>\n<p style=\"text-align: justify;\">Agreg\u00f3 que el proyecto lo ejecute la compa\u00f1\u00eda india Baharat por un valor de 277 millones de euros.<\/p>\n<p style=\"text-align: justify;\"><span style=\"color: #800000;\"><strong>F.M<\/strong><\/span><\/p>\n","protected":false},"excerpt":{"rendered":"<p>Damasco, SANA La Empresa Estatal de Electricidad anunci\u00f3 la puesta en marcha de tres proyectos para la construcci\u00f3n de tres centrales de generaci\u00f3n de electricidad con el fin de satisfacer la creciente demanda y garantizar estabilidad en el suministro el\u00e9ctrico. Mahmoud Ramadan, Director General de la Empresa, habl\u00f3 de la construcci\u00f3n en marcha de una &hellip;<\/p>\n","protected":false},"author":34,"featured_media":132506,"comment_status":"closed","ping_status":"closed","sticky":false,"template":"","format":"standard","meta":{"footnotes":""},"categories":[447,597,16686,485,476,7541],"tags":[],"class_list":["post-132502","post","type-post","status-publish","format-standard","has-post-thumbnail","","category-local-politica","category-cinta-de-noticias","category-economia","category-informes-negocios-y-finanzas","category-locales","category-ultimas-noticias"],"_links":{"self":[{"href":"https:\/\/archive.sana.sy\/es\/index.php?rest_route=\/wp\/v2\/posts\/132502"}],"collection":[{"href":"https:\/\/archive.sana.sy\/es\/index.php?rest_route=\/wp\/v2\/posts"}],"about":[{"href":"https:\/\/archive.sana.sy\/es\/index.php?rest_route=\/wp\/v2\/types\/post"}],"author":[{"embeddable":true,"href":"https:\/\/archive.sana.sy\/es\/index.php?rest_route=\/wp\/v2\/users\/34"}],"replies":[{"embeddable":true,"href":"https:\/\/archive.sana.sy\/es\/index.php?rest_route=%2Fwp%2Fv2%2Fcomments&post=132502"}],"version-history":[{"count":0,"href":"https:\/\/archive.sana.sy\/es\/index.php?rest_route=\/wp\/v2\/posts\/132502\/revisions"}],"wp:featuredmedia":[{"embeddable":true,"href":"https:\/\/archive.sana.sy\/es\/index.php?rest_route=\/wp\/v2\/media\/132506"}],"wp:attachment":[{"href":"https:\/\/archive.sana.sy\/es\/index.php?rest_route=%2Fwp%2Fv2%2Fmedia&parent=132502"}],"wp:term":[{"taxonomy":"category","embeddable":true,"href":"https:\/\/archive.sana.sy\/es\/index.php?rest_route=%2Fwp%2Fv2%2Fcategories&post=132502"},{"taxonomy":"post_tag","embeddable":true,"href":"https:\/\/archive.sana.sy\/es\/index.php?rest_route=%2Fwp%2Fv2%2Ftags&post=132502"}],"curies":[{"name":"wp","href":"https:\/\/api.w.org\/{rel}","templated":true}]}}