{"id":132522,"date":"2020-02-26T16:44:57","date_gmt":"2020-02-26T14:44:57","guid":{"rendered":"http:\/\/sana.sy\/es\/?p=132522"},"modified":"2023-01-10T14:34:03","modified_gmt":"2023-01-10T12:34:03","slug":"tres-trabajadores-resultan-heridos-tras-estallido-de-una-mina-terrestre-colocada-por-el-ocupante-turco-en-hasakeh","status":"publish","type":"post","link":"https:\/\/archive.sana.sy\/es\/?p=132522","title":{"rendered":"Heridos tres trabajadores tras estallido de una mina colocada por fuerzas ocupantes turcas en Hasakeh"},"content":{"rendered":"<p style=\"text-align: justify;\"><strong><span style=\"color: #800000;\">Hasakeh, SANA<\/span><\/strong><\/p>\n<p style=\"text-align: justify;\">Tres trabajadores de la Empresa Estatal de Electricidad en la provincia nororiental de Hasakeh resultaron heridos tras el estallido de una mina colocada por las fuerzas ocupantes turcas en las cercan\u00edas de la ciudad de Abu Rasin, en el noreste de la provincia.<\/p>\n<p style=\"text-align: justify;\">El corresponsal de SANA inform\u00f3 que una mina terrestre sembrada por las tropas del r\u00e9gimen turco en colaboraci\u00f3n con sus terroristas, explot\u00f3 contra un veh\u00edculo que transportaba a trabajadores de la Empresa que llevaban obras de reparaci\u00f3n a una l\u00ednea el\u00e9ctrica en la localidad de Abu Rasin.<\/p>\n<p style=\"text-align: justify;\">\u201cLa explosi\u00f3n dej\u00f3 tres heridos que fueron hospitalizados, adem\u00e1s de significativos da\u00f1os en el veh\u00edculo\u201d, subray\u00f3.<\/p>\n<p style=\"text-align: justify;\">Los equipos de mantenimiento no escatiman esfuerzo para reparar los da\u00f1os causados por las agresiones de las fuerzas turcas y sus mercenarios contra la infraestructura y los sectores vitales de las provincias de Hasakeh y Raqqa.<\/p>\n<p style=\"text-align: justify;\"><span style=\"color: #800000;\"><strong>L.A\/F.M<\/strong><\/span><\/p>\n","protected":false},"excerpt":{"rendered":"<p>Hasakeh, SANA Tres trabajadores de la Empresa Estatal de Electricidad en la provincia nororiental de Hasakeh resultaron heridos tras el estallido de una mina colocada por las fuerzas ocupantes turcas en las cercan\u00edas de la ciudad de Abu Rasin, en el noreste de la provincia. El corresponsal de SANA inform\u00f3 que una mina terrestre sembrada &hellip;<\/p>\n","protected":false},"author":24,"featured_media":132523,"comment_status":"closed","ping_status":"closed","sticky":false,"template":"","format":"standard","meta":{"footnotes":""},"categories":[447,597,573,7541],"tags":[],"class_list":["post-132522","post","type-post","status-publish","format-standard","has-post-thumbnail","","category-local-politica","category-cinta-de-noticias","category-la-realidad-de-los-acontecimientos-en-siria","category-ultimas-noticias"],"_links":{"self":[{"href":"https:\/\/archive.sana.sy\/es\/index.php?rest_route=\/wp\/v2\/posts\/132522"}],"collection":[{"href":"https:\/\/archive.sana.sy\/es\/index.php?rest_route=\/wp\/v2\/posts"}],"about":[{"href":"https:\/\/archive.sana.sy\/es\/index.php?rest_route=\/wp\/v2\/types\/post"}],"author":[{"embeddable":true,"href":"https:\/\/archive.sana.sy\/es\/index.php?rest_route=\/wp\/v2\/users\/24"}],"replies":[{"embeddable":true,"href":"https:\/\/archive.sana.sy\/es\/index.php?rest_route=%2Fwp%2Fv2%2Fcomments&post=132522"}],"version-history":[{"count":0,"href":"https:\/\/archive.sana.sy\/es\/index.php?rest_route=\/wp\/v2\/posts\/132522\/revisions"}],"wp:featuredmedia":[{"embeddable":true,"href":"https:\/\/archive.sana.sy\/es\/index.php?rest_route=\/wp\/v2\/media\/132523"}],"wp:attachment":[{"href":"https:\/\/archive.sana.sy\/es\/index.php?rest_route=%2Fwp%2Fv2%2Fmedia&parent=132522"}],"wp:term":[{"taxonomy":"category","embeddable":true,"href":"https:\/\/archive.sana.sy\/es\/index.php?rest_route=%2Fwp%2Fv2%2Fcategories&post=132522"},{"taxonomy":"post_tag","embeddable":true,"href":"https:\/\/archive.sana.sy\/es\/index.php?rest_route=%2Fwp%2Fv2%2Ftags&post=132522"}],"curies":[{"name":"wp","href":"https:\/\/api.w.org\/{rel}","templated":true}]}}