{"id":132528,"date":"2020-02-26T17:02:43","date_gmt":"2020-02-26T15:02:43","guid":{"rendered":"http:\/\/sana.sy\/es\/?p=132528"},"modified":"2023-01-10T14:34:03","modified_gmt":"2023-01-10T12:34:03","slug":"embajador-chino-en-damasco-agradece-a-siria-por-su-solidaridad-y-apoyo-para-enfrentar-el-coronavirus","status":"publish","type":"post","link":"https:\/\/archive.sana.sy\/es\/?p=132528","title":{"rendered":"Embajador chino en Damasco agradece a Siria por su solidaridad y apoyo para enfrentar el coronavirus"},"content":{"rendered":"<p style=\"text-align: justify;\"><strong><span style=\"color: #800000;\">Damasco, SANA<\/span><\/strong><\/p>\n<p style=\"text-align: justify;\">El embajador de la Rep\u00fablica Popular de China en Damasco, Fiong Biao, expres\u00f3 el agradecimiento de su pa\u00eds al gobierno y pueblo de Siria por su apoyo y solidaridad con China en esta dif\u00edcil etapa de enfrentamiento al Coronavirus.<\/p>\n<p style=\"text-align: justify;\">Biao afirm\u00f3 que hay buenas noticias de que hay menos casos de infectados por el coronavirus\u00a0 en China y los recuperados se multiplic\u00f3 por 10.<\/p>\n<p style=\"text-align: justify;\">Algunos pa\u00edses explotan la propagaci\u00f3n de la enfermedad pol\u00edticamente, ya que no sirve a sus pueblos ni a los pueblos del mundo, se\u00f1al\u00f3.<\/p>\n<p style=\"text-align: justify;\">Agreg\u00f3 que la epidemia es un enemigo com\u00fan y hay que unir los esfuerzos para enfrentarlo.<\/p>\n<p style=\"text-align: justify;\"><span style=\"color: #800000;\"><strong>W.S\/F.M<\/strong><\/span><\/p>\n","protected":false},"excerpt":{"rendered":"<p>Damasco, SANA El embajador de la Rep\u00fablica Popular de China en Damasco, Fiong Biao, expres\u00f3 el agradecimiento de su pa\u00eds al gobierno y pueblo de Siria por su apoyo y solidaridad con China en esta dif\u00edcil etapa de enfrentamiento al Coronavirus. Biao afirm\u00f3 que hay buenas noticias de que hay menos casos de infectados por &hellip;<\/p>\n","protected":false},"author":34,"featured_media":132530,"comment_status":"closed","ping_status":"closed","sticky":false,"template":"","format":"standard","meta":{"footnotes":""},"categories":[447,597,476,467],"tags":[],"class_list":["post-132528","post","type-post","status-publish","format-standard","has-post-thumbnail","","category-local-politica","category-cinta-de-noticias","category-locales","category-siria-y-el-mundo"],"_links":{"self":[{"href":"https:\/\/archive.sana.sy\/es\/index.php?rest_route=\/wp\/v2\/posts\/132528"}],"collection":[{"href":"https:\/\/archive.sana.sy\/es\/index.php?rest_route=\/wp\/v2\/posts"}],"about":[{"href":"https:\/\/archive.sana.sy\/es\/index.php?rest_route=\/wp\/v2\/types\/post"}],"author":[{"embeddable":true,"href":"https:\/\/archive.sana.sy\/es\/index.php?rest_route=\/wp\/v2\/users\/34"}],"replies":[{"embeddable":true,"href":"https:\/\/archive.sana.sy\/es\/index.php?rest_route=%2Fwp%2Fv2%2Fcomments&post=132528"}],"version-history":[{"count":0,"href":"https:\/\/archive.sana.sy\/es\/index.php?rest_route=\/wp\/v2\/posts\/132528\/revisions"}],"wp:featuredmedia":[{"embeddable":true,"href":"https:\/\/archive.sana.sy\/es\/index.php?rest_route=\/wp\/v2\/media\/132530"}],"wp:attachment":[{"href":"https:\/\/archive.sana.sy\/es\/index.php?rest_route=%2Fwp%2Fv2%2Fmedia&parent=132528"}],"wp:term":[{"taxonomy":"category","embeddable":true,"href":"https:\/\/archive.sana.sy\/es\/index.php?rest_route=%2Fwp%2Fv2%2Fcategories&post=132528"},{"taxonomy":"post_tag","embeddable":true,"href":"https:\/\/archive.sana.sy\/es\/index.php?rest_route=%2Fwp%2Fv2%2Ftags&post=132528"}],"curies":[{"name":"wp","href":"https:\/\/api.w.org\/{rel}","templated":true}]}}