{"id":132539,"date":"2020-02-26T15:38:12","date_gmt":"2020-02-26T13:38:12","guid":{"rendered":"http:\/\/sana.sy\/es\/?p=132539"},"modified":"2023-01-10T14:34:03","modified_gmt":"2023-01-10T12:34:03","slug":"presidente-de-asamblea-nacional-de-armenia-agradece-a-siria-por-su-decision-de-condenar-el-genocidio-armenio","status":"publish","type":"post","link":"https:\/\/archive.sana.sy\/es\/?p=132539","title":{"rendered":"Presidente del parlamento armenio agradece a Siria por condenar oficialmente el genocidio armenio"},"content":{"rendered":"<p style=\"text-align: justify;\"><span style=\"color: #800000;\">Damasco, SANA<\/span><\/p>\n<p style=\"text-align: justify;\">El presidente del Parlamento sirio, Hammuda Sabbagh, abord\u00f3 con el embajador de Armenia en Damasco, Tikran Kevorkian, las v\u00edas de fortalecer las relaciones interparlamentarias y la necesidad de beneficiarse de las experiencias de ambas naciones en este marco.<\/p>\n<p style=\"text-align: justify;\">Sabbagh destac\u00f3 los lazos hist\u00f3ricos que unen a Siria y Armenia y la necesidad de profundizarlos en beneficio de los intereses de ambos pueblos, y record\u00f3 que Siria acogi\u00f3 a muchos armenios que sobrevivieron el genocidio perpetrado por los otomanos a principios del siglo XX en contra de la poblaci\u00f3n armenia.<\/p>\n<p style=\"text-align: justify;\">\u201cEstos mismos se han convertido en una parte integral de la sociedad siria\u201d, sostuvo.<\/p>\n<p style=\"text-align: justify;\">Destac\u00f3 que la Asamblea del Pueblo aprob\u00f3 por unanimidad una resoluci\u00f3n que condena este genocidio, describiendo esta decisi\u00f3n de \u201chist\u00f3rica\u201d porque fue adoptado en un momento en el que el r\u00e9gimen turco est\u00e1 tratando de resucitar al &#8220;Imperio Otomano&#8221; al seguir su mismo curso de matanzas, asesinatos y terrorismo.<\/p>\n<p style=\"text-align: justify;\">Por su parte, Kevorkian agradeci\u00f3 a Siria por esta relevante resoluci\u00f3n, y dirigi\u00f3 un llamamiento a todos los pa\u00edses para tomar esta misma postura que contribuye a impedir la reproducci\u00f3n de tales cr\u00edmenes contra los pueblos.<\/p>\n<p style=\"text-align: justify;\">El Embajador armenio entreg\u00f3 a Sabbagh una carta de su par armenio, Ararat Mirzoyan, en la que expres\u00f3 el profundo agradecimiento y gratitud de Armenia al pueblo, ej\u00e9rcito y liderazgo de Siria, y a todos aquellos que contribuyeron a la toma de la decisi\u00f3n de incriminar oficialmente al genocidio armenio.<\/p>\n<p style=\"text-align: justify;\">Reiter\u00f3 el apoyo y la solidaridad de Armenia con Siria hasta que erradique el terrorismo de su territorio, y expres\u00f3 sus felicitaciones por la victoria que se logr\u00f3 en Alepo gracias a los sacrificios de su ej\u00e9rcito.<\/p>\n<p style=\"text-align: justify;\"><span style=\"color: #800000;\"><strong>L.A\/F.M<\/strong><\/span><\/p>\n","protected":false},"excerpt":{"rendered":"<p>Damasco, SANA El presidente del Parlamento sirio, Hammuda Sabbagh, abord\u00f3 con el embajador de Armenia en Damasco, Tikran Kevorkian, las v\u00edas de fortalecer las relaciones interparlamentarias y la necesidad de beneficiarse de las experiencias de ambas naciones en este marco. Sabbagh destac\u00f3 los lazos hist\u00f3ricos que unen a Siria y Armenia y la necesidad de &hellip;<\/p>\n","protected":false},"author":24,"featured_media":132546,"comment_status":"closed","ping_status":"closed","sticky":false,"template":"","format":"standard","meta":{"footnotes":""},"categories":[447,597,476,7541],"tags":[],"class_list":["post-132539","post","type-post","status-publish","format-standard","has-post-thumbnail","","category-local-politica","category-cinta-de-noticias","category-locales","category-ultimas-noticias"],"_links":{"self":[{"href":"https:\/\/archive.sana.sy\/es\/index.php?rest_route=\/wp\/v2\/posts\/132539"}],"collection":[{"href":"https:\/\/archive.sana.sy\/es\/index.php?rest_route=\/wp\/v2\/posts"}],"about":[{"href":"https:\/\/archive.sana.sy\/es\/index.php?rest_route=\/wp\/v2\/types\/post"}],"author":[{"embeddable":true,"href":"https:\/\/archive.sana.sy\/es\/index.php?rest_route=\/wp\/v2\/users\/24"}],"replies":[{"embeddable":true,"href":"https:\/\/archive.sana.sy\/es\/index.php?rest_route=%2Fwp%2Fv2%2Fcomments&post=132539"}],"version-history":[{"count":0,"href":"https:\/\/archive.sana.sy\/es\/index.php?rest_route=\/wp\/v2\/posts\/132539\/revisions"}],"wp:featuredmedia":[{"embeddable":true,"href":"https:\/\/archive.sana.sy\/es\/index.php?rest_route=\/wp\/v2\/media\/132546"}],"wp:attachment":[{"href":"https:\/\/archive.sana.sy\/es\/index.php?rest_route=%2Fwp%2Fv2%2Fmedia&parent=132539"}],"wp:term":[{"taxonomy":"category","embeddable":true,"href":"https:\/\/archive.sana.sy\/es\/index.php?rest_route=%2Fwp%2Fv2%2Fcategories&post=132539"},{"taxonomy":"post_tag","embeddable":true,"href":"https:\/\/archive.sana.sy\/es\/index.php?rest_route=%2Fwp%2Fv2%2Ftags&post=132539"}],"curies":[{"name":"wp","href":"https:\/\/api.w.org\/{rel}","templated":true}]}}