{"id":132541,"date":"2020-02-26T18:41:40","date_gmt":"2020-02-26T16:41:40","guid":{"rendered":"http:\/\/sana.sy\/es\/?p=132541"},"modified":"2023-01-12T14:44:45","modified_gmt":"2023-01-12T12:44:45","slug":"ejercito-yemeni-derriba-un-avion-espia-de-la-coalicion-agresora","status":"publish","type":"post","link":"https:\/\/archive.sana.sy\/es\/?p=132541","title":{"rendered":"Ej\u00e9rcito yemen\u00ed derriba un avi\u00f3n esp\u00eda de la coalici\u00f3n agresora"},"content":{"rendered":"<p><span style=\"color: #800000;\">San\u00e1, SANA<\/span><\/p>\n<p style=\"text-align: justify;\">Las fuerzas del Ej\u00e9rcito yemen\u00ed derribaron un avi\u00f3n esp\u00eda perteneciente a las fuerzas de la coalici\u00f3n agresora contra Yemen, frente Najran.<\/p>\n<p style=\"text-align: justify;\">La televisi\u00f3n yemen\u00ed Al Masirah ha informado este mi\u00e9rcoles que un avi\u00f3n esp\u00eda perteneciente a la coalici\u00f3n agresora ha sido derribado en el distrito de al-Souh, frente a Najaran.<\/p>\n<p style=\"text-align: justify;\">Las Fuerzas Armadas de Yemen anunciaron recientemente un desarrollo cualitativo en su respuesta a los aviones de la coalici\u00f3n de agresi\u00f3n mediante el desarrollo de varios sistemas de misiles a\u00e9reos a trav\u00e9s del cual un avi\u00f3n de la alianza Tornado y aviones esp\u00edas fueron derribados \u00faltimamente.<\/p>\n<p>M.M<\/p>\n","protected":false},"excerpt":{"rendered":"<p>San\u00e1, SANA Las fuerzas del Ej\u00e9rcito yemen\u00ed derribaron un avi\u00f3n esp\u00eda perteneciente a las fuerzas de la coalici\u00f3n agresora contra Yemen, frente Najran. La televisi\u00f3n yemen\u00ed Al Masirah ha informado este mi\u00e9rcoles que un avi\u00f3n esp\u00eda perteneciente a la coalici\u00f3n agresora ha sido derribado en el distrito de al-Souh, frente a Najaran. Las Fuerzas Armadas &hellip;<\/p>\n","protected":false},"author":36,"featured_media":132543,"comment_status":"closed","ping_status":"closed","sticky":false,"template":"","format":"standard","meta":{"footnotes":""},"categories":[597,456,457],"tags":[17600],"class_list":["post-132541","post","type-post","status-publish","format-standard","has-post-thumbnail","","category-cinta-de-noticias","category-arabe-internacional-politica","category-noticias-arabe-internacional-politica","tag-ejercito-yemeni-derriba-un-avion-espia-de-la-coalicion-agresora"],"_links":{"self":[{"href":"https:\/\/archive.sana.sy\/es\/index.php?rest_route=\/wp\/v2\/posts\/132541"}],"collection":[{"href":"https:\/\/archive.sana.sy\/es\/index.php?rest_route=\/wp\/v2\/posts"}],"about":[{"href":"https:\/\/archive.sana.sy\/es\/index.php?rest_route=\/wp\/v2\/types\/post"}],"author":[{"embeddable":true,"href":"https:\/\/archive.sana.sy\/es\/index.php?rest_route=\/wp\/v2\/users\/36"}],"replies":[{"embeddable":true,"href":"https:\/\/archive.sana.sy\/es\/index.php?rest_route=%2Fwp%2Fv2%2Fcomments&post=132541"}],"version-history":[{"count":0,"href":"https:\/\/archive.sana.sy\/es\/index.php?rest_route=\/wp\/v2\/posts\/132541\/revisions"}],"wp:featuredmedia":[{"embeddable":true,"href":"https:\/\/archive.sana.sy\/es\/index.php?rest_route=\/wp\/v2\/media\/132543"}],"wp:attachment":[{"href":"https:\/\/archive.sana.sy\/es\/index.php?rest_route=%2Fwp%2Fv2%2Fmedia&parent=132541"}],"wp:term":[{"taxonomy":"category","embeddable":true,"href":"https:\/\/archive.sana.sy\/es\/index.php?rest_route=%2Fwp%2Fv2%2Fcategories&post=132541"},{"taxonomy":"post_tag","embeddable":true,"href":"https:\/\/archive.sana.sy\/es\/index.php?rest_route=%2Fwp%2Fv2%2Ftags&post=132541"}],"curies":[{"name":"wp","href":"https:\/\/api.w.org\/{rel}","templated":true}]}}