{"id":132620,"date":"2020-02-27T09:30:35","date_gmt":"2020-02-27T07:30:35","guid":{"rendered":"http:\/\/sana.sy\/es\/?p=132620"},"modified":"2020-02-27T13:24:33","modified_gmt":"2020-02-27T11:24:33","slug":"violentos-choques-entre-el-ejercito-y-grupos-terroristas-en-el-frente-de-saraqueb-idleb","status":"publish","type":"post","link":"https:\/\/archive.sana.sy\/es\/?p=132620","title":{"rendered":"Violentos choques entre el ej\u00e9rcito y grupos terroristas en el frente de Saraqueb, Idleb"},"content":{"rendered":"<p style=\"text-align: justify;\"><strong><span style=\"color: #800000;\">Idleb, SANA<\/span><\/strong><\/p>\n<p style=\"text-align: justify;\">Se produjeron violentos enfrentamientos entre las unidades del ej\u00e9rcito \u00e1rabe sirio y grupos terroristas en el frente de la ciudad de Saraqueb en el sudeste de la provincia de Idleb.<\/p>\n<p style=\"text-align: justify;\">Seg\u00fan report\u00f3 el corresponsal de SANA, los grupos terroristas emplearon en su ataque a docenas de suicidas con cinturones explosivos y coches bomba con una intensa cobertura de las fuerzas del r\u00e9gimen turco.<\/p>\n<p style=\"text-align: justify;\">Agreg\u00f3 que el ej\u00e9rcito choc\u00f3 con los terroristas que sufrieron decenas de bajas y varios de sus veh\u00edculos blindados quedaron destruidos.<\/p>\n<p style=\"text-align: justify;\">El corresponsal detall\u00f3 que peque\u00f1os grupos de terroristas se infiltraron a la autopista entre Alepo y Damasco cerca de la ciudad de Saraqueb con el objetivo de grabar im\u00e1genes y buscar logro medi\u00e1tico y ahora las unidades del ej\u00e9rcito est\u00e1n en choque con ellos.<\/p>\n<p style=\"text-align: justify;\"><span style=\"color: #0000ff;\"><b>\u00a0F.M\/ E.D<\/b><\/span><\/p>\n<p style=\"text-align: justify;\">\n","protected":false},"excerpt":{"rendered":"<p>Idleb, SANA Se produjeron violentos enfrentamientos entre las unidades del ej\u00e9rcito \u00e1rabe sirio y grupos terroristas en el frente de la ciudad de Saraqueb en el sudeste de la provincia de Idleb. Seg\u00fan report\u00f3 el corresponsal de SANA, los grupos terroristas emplearon en su ataque a docenas de suicidas con cinturones explosivos y coches bomba &hellip;<\/p>\n","protected":false},"author":32,"featured_media":132621,"comment_status":"closed","ping_status":"closed","sticky":false,"template":"","format":"standard","meta":{"footnotes":""},"categories":[597,573,583],"tags":[17601],"class_list":["post-132620","post","type-post","status-publish","format-standard","has-post-thumbnail","","category-cinta-de-noticias","category-la-realidad-de-los-acontecimientos-en-siria","category-slide","tag-violentos-choques-entre-el-ejercito-y-grupos-terroristas-en-el-frente-de-saraqueb-idleb"],"_links":{"self":[{"href":"https:\/\/archive.sana.sy\/es\/index.php?rest_route=\/wp\/v2\/posts\/132620"}],"collection":[{"href":"https:\/\/archive.sana.sy\/es\/index.php?rest_route=\/wp\/v2\/posts"}],"about":[{"href":"https:\/\/archive.sana.sy\/es\/index.php?rest_route=\/wp\/v2\/types\/post"}],"author":[{"embeddable":true,"href":"https:\/\/archive.sana.sy\/es\/index.php?rest_route=\/wp\/v2\/users\/32"}],"replies":[{"embeddable":true,"href":"https:\/\/archive.sana.sy\/es\/index.php?rest_route=%2Fwp%2Fv2%2Fcomments&post=132620"}],"version-history":[{"count":0,"href":"https:\/\/archive.sana.sy\/es\/index.php?rest_route=\/wp\/v2\/posts\/132620\/revisions"}],"wp:featuredmedia":[{"embeddable":true,"href":"https:\/\/archive.sana.sy\/es\/index.php?rest_route=\/wp\/v2\/media\/132621"}],"wp:attachment":[{"href":"https:\/\/archive.sana.sy\/es\/index.php?rest_route=%2Fwp%2Fv2%2Fmedia&parent=132620"}],"wp:term":[{"taxonomy":"category","embeddable":true,"href":"https:\/\/archive.sana.sy\/es\/index.php?rest_route=%2Fwp%2Fv2%2Fcategories&post=132620"},{"taxonomy":"post_tag","embeddable":true,"href":"https:\/\/archive.sana.sy\/es\/index.php?rest_route=%2Fwp%2Fv2%2Ftags&post=132620"}],"curies":[{"name":"wp","href":"https:\/\/api.w.org\/{rel}","templated":true}]}}