{"id":132636,"date":"2020-02-27T10:20:56","date_gmt":"2020-02-27T08:20:56","guid":{"rendered":"http:\/\/sana.sy\/es\/?p=132636"},"modified":"2023-01-10T15:34:44","modified_gmt":"2023-01-10T13:34:44","slug":"boletin-informativo-jueves-27-de-febrero-del-2020","status":"publish","type":"post","link":"https:\/\/archive.sana.sy\/es\/?p=132636","title":{"rendered":"Bolet\u00edn Informativo  Jueves, 27 de Febrero del 2020"},"content":{"rendered":"<p style=\"text-align: justify;\"><strong><span style=\"color: #800000;\">Damasco, SANA<\/span><\/strong><\/p>\n<p style=\"text-align: justify;\"><strong>Les ofrecemos a continuaci\u00f3n, un resumen de las m\u00e1s destacadas noticias de Siria publicadas por nuestra agencia:<\/strong><\/p>\n<p style=\"text-align: justify;\">Para actualizarse m\u00e1s de Siria y ver videos, fotos y reportajes en espa\u00f1ol s\u00edguenos en nuestro sitio <a href=\"https:\/\/www.sana.sy\/es\/\"><strong>https:\/\/www.sana.sy\/es\/<\/strong><\/a>, nuestras p\u00e1ginas en Facebook<a href=\"https:\/\/www.facebook.com\/SANA.Noticias\/\"><strong>https:\/\/www.facebook.com\/SANA.Noticias\/<\/strong><\/a><\/p>\n<p style=\"text-align: justify;\">\u00a0y en Twitter <a href=\"https:\/\/twitter.com\/SanaAgencia\"><strong>https:\/\/twitter.com\/SanaAgencia<\/strong><\/a><strong>.<\/strong><\/p>\n<p style=\"text-align: justify;\"><strong>Ej\u00e9rcito sirio libera a m\u00e1s de 15 localidades del terrorismo en Idleb<\/strong><\/p>\n<p style=\"text-align: justify;\">En las \u00faltimas 24 horas, el Ej\u00e9rcito \u00c1rabe Sirio logr\u00f3 nuevos avances en el sur de la provincia septentrional de Idleb y liber\u00f3 del terrorismo a m\u00e1s de una quincena de poblados.<\/p>\n<p style=\"text-align: justify;\">Seg\u00fan el reportero de SANA, el ej\u00e9rcito liber\u00f3 los poblados de\u00a0 Kafer Uwaid, Fatterah, Milaja, Koursaaa, Faquie, Safouhan, Kafermousy, Flaifel y Kokabeh ubicados en el sur Idleb, luego de fuertes enfrentamientos contra las organizaciones terroristas respaldadas por el r\u00e9gimen turco.<\/p>\n<p style=\"text-align: justify;\">Agreg\u00f3 que las tropas sirias persiguen a los remanentes terroristas que huyeron hacia las localidades cercanas.<\/p>\n<p style=\"text-align: justify;\">Anteriormente, las unidades del ej\u00e9rcito liberaron del terrorismo a siete nuevas localidades.<\/p>\n<p style=\"text-align: justify;\">Las localidades liberados seg\u00fan el corresponsal de SANA, son Shansharah, Tarmala, Deir Sunbul, Maaret al-Mukkas, al-Bureij, Kherbet al-Weibdeh y Hassanah.<\/p>\n<p style=\"text-align: justify;\">En la v\u00edspera, el ej\u00e9rcito \u00e1rabe sirio liber\u00f3 del terrorismo a la estrat\u00e9gica ciudad de Kafer Nubol y a las localidades de Hass, Martamater, Martseen y Barrbo.<\/p>\n<p style=\"text-align: justify;\"><strong>Comando General del Ej\u00e9rcito destaca avances en Idleb y ratifica que los operativos continuar\u00e1n erradicar el terrorismo<\/strong><\/p>\n<p style=\"text-align: justify;\">El Comando General del Ej\u00e9rcito las Fuerzas Armadas ratific\u00f3 hoy la determinaci\u00f3n de seguir cumpliendo su deber nacional hasta liberar todo el territorio de la Rep\u00fablica \u00c1rabe Siria del terrorismo.<\/p>\n<p style=\"text-align: justify;\">En una declaraci\u00f3n le\u00edda por el vocero del Ministerio de Defensa, el Comando General anuncia los nuevos avances logrados por las unidades del Ej\u00e9rcito \u00c1rabe Sirio que operan en el sur de Idleb, donde las organizaciones terroristas armadas sufrieron numerosas bajas y grandes p\u00e9rdidas en su material b\u00e9lico.<\/p>\n<p style=\"text-align: justify;\">\u201cDurante los recientes d\u00edas, los valientes soldados del ej\u00e9rcito retomaron el control de numerosas localidades y montes como Kafer Nubol, Kafer Sejnah, Sheikh Mustafa, Hass, Maaret Horma, Deir Sunbol, Dar al-Kabira, Hazaren, entre otras, donde fueron abatidos terroristas y se cortaron las rutas de suministro de los radicales\u201d, afirm\u00f3 el vocero.<\/p>\n<p style=\"text-align: justify;\">Explic\u00f3 que la importancia de las \u00e1reas liberadas radica en el hecho de ser bastiones yihadistas en el sur de Idleb y constituyen un punto de enlace entre los montes de Shajashbol, Arbayeen y Zawiyah con la llanura al-Ghab.<\/p>\n<p style=\"text-align: justify;\">En un comunicado, el Comando General del Ej\u00e9rcito ratific\u00f3 la determinaci\u00f3n de seguir cumpliendo el deber nacional hasta liberar todo el territorio de la Rep\u00fablica \u00c1rabe Siria del terrorismo y sus partidarios y erradicarlo dondequiera que se encuentre.<\/p>\n<p style=\"text-align: justify;\"><strong>Ej\u00e9rcito halla red de t\u00faneles que comunica a cuatro localidades en el sur de Idleb<\/strong><\/p>\n<p style=\"text-align: justify;\">Las unidades del Ej\u00e9rcito \u00e1rabe sirio contin\u00faan peinando los poblados reci\u00e9n liberados del terrorismo en la provincia de Idleb, a 335 km al norte de la capital Damasco, donde hallaron una red de t\u00faneles y trincheras excavadas por los terroristas del Frente al-Nusra en el pueblo de Maar Zita.<\/p>\n<p style=\"text-align: justify;\">El corresponsal de SANA inform\u00f3 que la red de t\u00faneles es de ocho metros de profundidad y se extiende desde el pueblo de Maar Zita hasta las aldeas de al-Sheikh Dames, Jbala y Maar Hermeh.<\/p>\n<p style=\"text-align: justify;\">Detall\u00f3 que los terroristas del Frente al-Nousra utilizaron los t\u00faneles para infiltrarse y trasladar las armas y los equipos b\u00e9licos, adem\u00e1s de usarlos como refugio de las ofensivas del Ej\u00e9rcito sirio.<\/p>\n<p style=\"text-align: justify;\">Es de se\u00f1alar que el Ej\u00e9rcito liber\u00f3 en los \u00faltimos d\u00edas varios pueblos estrat\u00e9gicos en el sur de Idleb.<\/p>\n<p style=\"text-align: justify;\"><strong>Terroristas proturcos siguen cortando el agua potable a 600 mil habitantes en Hasakeh<\/strong><\/p>\n<p style=\"text-align: justify;\">Por tercer d\u00eda consecutivo, los mercenarios del ocupante turco contin\u00faan cortando el agua potable a la ciudad de Hasakeh y la localidad de Tel Temer y los poblados circundantes, tras interrumpir el funcionamiento de la planta de bombeo Aluk y expulsar a los trabajadores de la misma.<\/p>\n<p style=\"text-align: justify;\">En una declaraci\u00f3n a SANA, el director de la Compa\u00f1\u00eda Estatal de Agua Potable, Mahmoud Al-Okleh, dijo que actualmente el agua se asegura a trav\u00e9s de pozos y se transporta en camiones cisternas de forma peri\u00f3dica.<\/p>\n<p style=\"text-align: justify;\">Confirm\u00f3 la continuaci\u00f3n de los esfuerzos e intentos para reanudar el trabajo de la planta Aluk.<\/p>\n<p style=\"text-align: justify;\">Explic\u00f3 que planta suministra agua potable a unas 600 mil personas en la provincia de Hasakeh, y fue blanco en varias ocasiones de ataques perpetrados por terroristas respaldados por el r\u00e9gimen turco.<\/p>\n<p style=\"text-align: justify;\"><strong>Heridos tres trabajadores tras estallido de una mina colocada por fuerzas ocupantes turcas en Hasakeh<\/strong><\/p>\n<p style=\"text-align: justify;\">Tres trabajadores de la Empresa Estatal de Electricidad en la provincia nororiental de Hasakeh resultaron heridos tras el estallido de una mina colocada por las fuerzas ocupantes turcas en las cercan\u00edas de la ciudad de Abu Rasin, en el noreste de la provincia.<\/p>\n<p style=\"text-align: justify;\">El corresponsal de SANA inform\u00f3 que una mina terrestre sembrada por las tropas del r\u00e9gimen turco en colaboraci\u00f3n con sus terroristas, explot\u00f3 contra un veh\u00edculo que transportaba a trabajadores de la Empresa que llevaban obras de reparaci\u00f3n a una l\u00ednea el\u00e9ctrica en la localidad de Abu Rasin.<\/p>\n<p style=\"text-align: justify;\">\u201cLa explosi\u00f3n dej\u00f3 tres heridos que fueron hospitalizados, adem\u00e1s de significativos da\u00f1os en el veh\u00edculo\u201d, subray\u00f3.<\/p>\n<p style=\"text-align: justify;\">Los equipos de mantenimiento no escatiman esfuerzo para reparar los da\u00f1os causados por las agresiones de las fuerzas turcas y sus mercenarios contra la infraestructura y los sectores vitales de las provincias de Hasakeh y Raqqa.<\/p>\n<p style=\"text-align: justify;\"><strong>Comienza construcci\u00f3n de tres centrales el\u00e9ctricas por un valor superior al mil mill\u00f3n de euros<\/strong><\/p>\n<p style=\"text-align: justify;\">La Empresa Estatal de Electricidad anunci\u00f3 la puesta en marcha de tres proyectos para la construcci\u00f3n de tres centrales de generaci\u00f3n de electricidad con el fin de satisfacer la creciente demanda y garantizar estabilidad en el suministro el\u00e9ctrico.<\/p>\n<p style=\"text-align: justify;\">Mahmoud Ramadan, Director General de la Empresa, habl\u00f3 de la construcci\u00f3n en marcha de una planta con una capacidad de generaci\u00f3n de\u00a0 526 MW en la provincia costera de Latakia.<\/p>\n<p style=\"text-align: justify;\">El proyecto lo ejecuta el grupo de compa\u00f1\u00edas iran\u00edes Mabna Group por un valor de 411 millones de euros.<\/p>\n<p style=\"text-align: justify;\">Asimismo, se reanud\u00f3 el trabajo en la ampliaci\u00f3n de la central el\u00e9ctrica de Deir Ali cerca de Damasco tras la firma de un contrato con la empresa griega Mitka e Italiana Ansaldo.<\/p>\n<p style=\"text-align: justify;\">La ampliaci\u00f3n incluye una nueva planta que generar\u00e1 750 MW por un valor de 671 millones de euros.<\/p>\n<p style=\"text-align: justify;\">En cuanto al proyecto de expansi\u00f3n de la planta Tishreen al este de la capital, Ramadan indic\u00f3 que el mismo incluye dos grupos electr\u00f3genos con una capacidad de 200 vatios cada uno.<\/p>\n<p style=\"text-align: justify;\">Agreg\u00f3 que el proyecto lo ejecute la compa\u00f1\u00eda india Baharat por un valor de 277 millones de euros.<\/p>\n<p style=\"text-align: justify;\"><strong>Presidente del parlamento armenio agradece a Siria por condenar oficialmente el genocidio armenio<\/strong><\/p>\n<p style=\"text-align: justify;\">El presidente del Parlamento sirio, Hammuda Sabbagh, abord\u00f3 con el embajador de Armenia en Damasco, Tikran Kevorkian, las v\u00edas de fortalecer las relaciones interparlamentarias y la necesidad de beneficiarse de las experiencias de ambas naciones en este marco.<\/p>\n<p style=\"text-align: justify;\">Sabbagh destac\u00f3 los lazos hist\u00f3ricos que unen a Siria y Armenia y la necesidad de profundizarlos en beneficio de los intereses de ambos pueblos, y record\u00f3 que Siria acogi\u00f3 a muchos armenios que sobrevivieron el genocidio perpetrado por los otomanos a principios del siglo XX en contra de la poblaci\u00f3n armenia.<\/p>\n<p style=\"text-align: justify;\">\u201cEstos mismos se han convertido en una parte integral de la sociedad siria\u201d, sostuvo.<\/p>\n<p style=\"text-align: justify;\">Destac\u00f3 que la Asamblea del Pueblo aprob\u00f3 por unanimidad una resoluci\u00f3n que condena este genocidio, describiendo esta decisi\u00f3n de \u201chist\u00f3rica\u201d porque fue adoptado en un momento en el que el r\u00e9gimen turco est\u00e1 tratando de resucitar al \u201cImperio Otomano\u201d al seguir su mismo curso de matanzas, asesinatos y terrorismo.<\/p>\n<p style=\"text-align: justify;\">Por su parte, Kevorkian agradeci\u00f3 a Siria por esta relevante resoluci\u00f3n, y dirigi\u00f3 un llamamiento a todos los pa\u00edses para tomar esta misma postura que contribuye a impedir la reproducci\u00f3n de tales cr\u00edmenes contra los pueblos.<\/p>\n<p style=\"text-align: justify;\">El Embajador armenio entreg\u00f3 a Sabbagh una carta de su par armenio, Ararat Mirzoyan, en la que expres\u00f3 el profundo agradecimiento y gratitud de Armenia al pueblo, ej\u00e9rcito y liderazgo de Siria, y a todos aquellos que contribuyeron a la toma de la decisi\u00f3n de incriminar oficialmente al genocidio armenio.<\/p>\n<p style=\"text-align: justify;\">Reiter\u00f3 el apoyo y la solidaridad de Armenia con Siria hasta que erradique el terrorismo de su territorio, y expres\u00f3 sus felicitaciones por la victoria que se logr\u00f3 en Alepo gracias a los sacrificios de su ej\u00e9rcito.<\/p>\n<p style=\"text-align: justify;\"><strong>Atleta siria en tenis de mesa clasifica para Juegos Ol\u00edmpicos de Tokio 2020<\/strong><\/p>\n<p style=\"text-align: justify;\">La atleta de tenis de mesa siria, Hened Zaza, fue clasificada para los Juegos Ol\u00edmpicos de Tokio 2020 despu\u00e9s de conquistar el oro en el Campeonato de Asia Occidental que se desarroll\u00f3 en la capital jordana Amm\u00e1n.<\/p>\n<p style=\"text-align: justify;\">Zaza logr\u00f3 ganar la presea dorada tras derrotar a su rival libanesa, Mariana Sahakian, 4-3 en el partido final.<\/p>\n<p style=\"text-align: justify;\">La atleta siria de 12 a\u00f1os de edad, es la jugadora de tenis de mesa m\u00e1s joven en el mundo \u00e1rabe en calificar para los Juegos Ol\u00edmpicos. La misma hab\u00eda representado a Siria en varios torneos internacionales donde obtuvo resultados notables, tal como el oro del Campeonato Asi\u00e1tico sub-12 que tuvo lugar hace dos a\u00f1os en la capital de Jordania.<\/p>\n<p style=\"text-align: justify;\"><strong>No se registr\u00f3 ning\u00fan caso de coronavirus en Siria<\/strong><\/p>\n<p style=\"text-align: justify;\">El jefe del Departamento de Laboratorios del Ministerio de Salud, Shebl Khoury, confirm\u00f3 que no se registr\u00f3 ning\u00fan caso de coronavirus en Siria, y se\u00f1al\u00f3 que el laboratorio de referencia del Ministerio realiz\u00f3 hasta la fecha an\u00e1lisis de cuatro muestras de casos sospechosos y los resultados fueron negativos.<\/p>\n<p style=\"text-align: justify;\">Explic\u00f3 que el laboratorio ha sido equipado recientemente en cooperaci\u00f3n con la Organizaci\u00f3n Mundial de la Salud (OMS) con los equipos necesarios de diagn\u00f3stico para realizar an\u00e1lisis a los casos sospechosos de coronavirus, adem\u00e1s de la detecci\u00f3n de casos de gripe estacional y gripe porcina, entre otros.<\/p>\n<p style=\"text-align: justify;\">Explic\u00f3 que los pacientes que padecen de temperatura alta y dificultades respiratorias por causas desconocidas requieren hospitalizaci\u00f3n y se les hace primero an\u00e1lisis de detecci\u00f3n de gripe estacional, y si el resultado sale negativo, se imponen a an\u00e1lisis relativo al coronavirus.<\/p>\n<p style=\"text-align: justify;\">Khoury revel\u00f3 que el laboratorio ha llevado a cabo, desde principios de febrero del a\u00f1o actual, an\u00e1lisis de 150 casos que confirmaron infecci\u00f3n con virus de gripe estacional, y cuatro casos sospechosas de coronavirus, cuyos resultados vinieron negativos.<\/p>\n<p style=\"text-align: justify;\">Confirm\u00f3 que durante la semana, el laboratorio recibe muestras de casos sospechosos de hospitales y centros de salud de varias provincias, aclarando que el resultado del an\u00e1lisis sale despu\u00e9s de cinco horas.<\/p>\n<p style=\"text-align: justify;\"><strong>Embajador chino en Damasco agradece a Siria por su solidaridad y apoyo para enfrentar el coronavirus<\/strong><\/p>\n<p style=\"text-align: justify;\">El embajador de la Rep\u00fablica Popular de China en Damasco, Fiong Biao, expres\u00f3 el agradecimiento de su pa\u00eds al gobierno y pueblo de Siria por su apoyo y solidaridad con China en esta dif\u00edcil etapa de enfrentamiento al Coronavirus.<\/p>\n<p style=\"text-align: justify;\">Biao afirm\u00f3 que hay buenas noticias de que hay menos casos de infectados por el coronavirus\u00a0 en China y los recuperados se multiplic\u00f3 por 10.<\/p>\n<p style=\"text-align: justify;\">Algunos pa\u00edses explotan la propagaci\u00f3n de la enfermedad pol\u00edticamente, ya que no sirve a sus pueblos ni a los pueblos del mundo, se\u00f1al\u00f3.<\/p>\n<p style=\"text-align: justify;\">Agreg\u00f3 que la epidemia es un enemigo com\u00fan y hay que unir los esfuerzos para enfrentarlo.<\/p>\n<p style=\"text-align: justify;\"><span style=\"color: #3366ff;\"><strong>Cont\u00e1ctenos: <\/strong><\/span><\/p>\n<p style=\"text-align: justify;\"><span style=\"color: #3366ff;\"><strong>agenciasanadenoticias<\/strong><strong>@<\/strong><strong>gmail.com<\/strong><\/span><\/p>\n<p style=\"text-align: justify;\"><span style=\"color: #3366ff;\"><strong>Tel\u00e9fono: 00 963 11 5490700<\/strong><\/span><\/p>\n<p style=\"text-align: justify;\"><span style=\"color: #3366ff;\"><strong>\u00a0<\/strong><\/span><\/p>\n<p style=\"text-align: justify;\"><strong>\u00a0<\/strong><\/p>\n","protected":false},"excerpt":{"rendered":"<p>Damasco, SANA Les ofrecemos a continuaci\u00f3n, un resumen de las m\u00e1s destacadas noticias de Siria publicadas por nuestra agencia: Para actualizarse m\u00e1s de Siria y ver videos, fotos y reportajes en espa\u00f1ol s\u00edguenos en nuestro sitio https:\/\/www.sana.sy\/es\/, nuestras p\u00e1ginas en Facebookhttps:\/\/www.facebook.com\/SANA.Noticias\/ \u00a0y en Twitter https:\/\/twitter.com\/SanaAgencia. Ej\u00e9rcito sirio libera a m\u00e1s de 15 localidades del terrorismo &hellip;<\/p>\n","protected":false},"author":32,"featured_media":132185,"comment_status":"closed","ping_status":"closed","sticky":false,"template":"","format":"standard","meta":{"footnotes":""},"categories":[447,555,597],"tags":[],"class_list":["post-132636","post","type-post","status-publish","format-standard","has-post-thumbnail","","category-local-politica","category-prensa","category-cinta-de-noticias"],"_links":{"self":[{"href":"https:\/\/archive.sana.sy\/es\/index.php?rest_route=\/wp\/v2\/posts\/132636"}],"collection":[{"href":"https:\/\/archive.sana.sy\/es\/index.php?rest_route=\/wp\/v2\/posts"}],"about":[{"href":"https:\/\/archive.sana.sy\/es\/index.php?rest_route=\/wp\/v2\/types\/post"}],"author":[{"embeddable":true,"href":"https:\/\/archive.sana.sy\/es\/index.php?rest_route=\/wp\/v2\/users\/32"}],"replies":[{"embeddable":true,"href":"https:\/\/archive.sana.sy\/es\/index.php?rest_route=%2Fwp%2Fv2%2Fcomments&post=132636"}],"version-history":[{"count":0,"href":"https:\/\/archive.sana.sy\/es\/index.php?rest_route=\/wp\/v2\/posts\/132636\/revisions"}],"wp:featuredmedia":[{"embeddable":true,"href":"https:\/\/archive.sana.sy\/es\/index.php?rest_route=\/wp\/v2\/media\/132185"}],"wp:attachment":[{"href":"https:\/\/archive.sana.sy\/es\/index.php?rest_route=%2Fwp%2Fv2%2Fmedia&parent=132636"}],"wp:term":[{"taxonomy":"category","embeddable":true,"href":"https:\/\/archive.sana.sy\/es\/index.php?rest_route=%2Fwp%2Fv2%2Fcategories&post=132636"},{"taxonomy":"post_tag","embeddable":true,"href":"https:\/\/archive.sana.sy\/es\/index.php?rest_route=%2Fwp%2Fv2%2Ftags&post=132636"}],"curies":[{"name":"wp","href":"https:\/\/api.w.org\/{rel}","templated":true}]}}