{"id":132687,"date":"2020-02-27T17:28:29","date_gmt":"2020-02-27T15:28:29","guid":{"rendered":"http:\/\/sana.sy\/es\/?p=132687"},"modified":"2023-01-10T15:09:47","modified_gmt":"2023-01-10T13:09:47","slug":"aerolinea-siria-reanudara-sus-vuelos-de-damasco-a-alepo-a-partir-del-6-de-marzo-proximo","status":"publish","type":"post","link":"https:\/\/archive.sana.sy\/es\/?p=132687","title":{"rendered":"Aerol\u00ednea siria reanudar\u00e1 sus vuelos de Damasco a Alepo a partir del 6 de marzo pr\u00f3ximo"},"content":{"rendered":"<div>\n<p style=\"text-align: justify;\"><strong><span style=\"color: #800000;\">Damasco, SANA<\/span><\/strong><\/p>\n<p style=\"text-align: justify;\">El Ministerio de Transporte anunci\u00f3 hoy vuelos semanales desde Damasco a Alepo y viceversa a partir del pr\u00f3ximo viernes, 6 de marzo.<\/p>\n<p style=\"text-align: justify;\">El director comercial de la compa\u00f1\u00eda, Louay Hassan, dijo que despu\u00e9s de la reapertura del aeropuerto internacional de Alepo, habr\u00e1 un vuelo semanal a Alepo y se est\u00e1 estudiando la posibilidad de reanudar los vuelos regulares el pr\u00f3ximo mes de marzo.<\/p>\n<p style=\"text-align: justify;\">Agreg\u00f3 que la decisi\u00f3n depende de la demanda de pasajeros.<\/p>\n<p style=\"text-align: justify;\">El 19 de este mes, aterriz\u00f3 en el aeropuerto internacional de Alepo el primer vuelo procedente de Damasco tras una interrupci\u00f3n de m\u00e1s de ocho a\u00f1os debido a la presencia de terroristas.<\/p>\n<\/div>\n<p style=\"text-align: justify;\"><strong><span style=\"color: #0000ff;\">E.D\/ F.M<\/span><\/strong><\/p>\n","protected":false},"excerpt":{"rendered":"<p>Damasco, SANA El Ministerio de Transporte anunci\u00f3 hoy vuelos semanales desde Damasco a Alepo y viceversa a partir del pr\u00f3ximo viernes, 6 de marzo. El director comercial de la compa\u00f1\u00eda, Louay Hassan, dijo que despu\u00e9s de la reapertura del aeropuerto internacional de Alepo, habr\u00e1 un vuelo semanal a Alepo y se est\u00e1 estudiando la posibilidad &hellip;<\/p>\n","protected":false},"author":32,"featured_media":132688,"comment_status":"closed","ping_status":"closed","sticky":false,"template":"","format":"standard","meta":{"footnotes":""},"categories":[597,485,7541],"tags":[17604],"class_list":["post-132687","post","type-post","status-publish","format-standard","has-post-thumbnail","","category-cinta-de-noticias","category-informes-negocios-y-finanzas","category-ultimas-noticias","tag-aerolinea-siria-reanudara-sus-vuelos-de-damasco-a-alepo-a-partir-del-6-de-marzo-proximo"],"_links":{"self":[{"href":"https:\/\/archive.sana.sy\/es\/index.php?rest_route=\/wp\/v2\/posts\/132687"}],"collection":[{"href":"https:\/\/archive.sana.sy\/es\/index.php?rest_route=\/wp\/v2\/posts"}],"about":[{"href":"https:\/\/archive.sana.sy\/es\/index.php?rest_route=\/wp\/v2\/types\/post"}],"author":[{"embeddable":true,"href":"https:\/\/archive.sana.sy\/es\/index.php?rest_route=\/wp\/v2\/users\/32"}],"replies":[{"embeddable":true,"href":"https:\/\/archive.sana.sy\/es\/index.php?rest_route=%2Fwp%2Fv2%2Fcomments&post=132687"}],"version-history":[{"count":0,"href":"https:\/\/archive.sana.sy\/es\/index.php?rest_route=\/wp\/v2\/posts\/132687\/revisions"}],"wp:featuredmedia":[{"embeddable":true,"href":"https:\/\/archive.sana.sy\/es\/index.php?rest_route=\/wp\/v2\/media\/132688"}],"wp:attachment":[{"href":"https:\/\/archive.sana.sy\/es\/index.php?rest_route=%2Fwp%2Fv2%2Fmedia&parent=132687"}],"wp:term":[{"taxonomy":"category","embeddable":true,"href":"https:\/\/archive.sana.sy\/es\/index.php?rest_route=%2Fwp%2Fv2%2Fcategories&post=132687"},{"taxonomy":"post_tag","embeddable":true,"href":"https:\/\/archive.sana.sy\/es\/index.php?rest_route=%2Fwp%2Fv2%2Ftags&post=132687"}],"curies":[{"name":"wp","href":"https:\/\/api.w.org\/{rel}","templated":true}]}}