{"id":132698,"date":"2020-02-27T18:17:38","date_gmt":"2020-02-27T16:17:38","guid":{"rendered":"http:\/\/sana.sy\/es\/?p=132698"},"modified":"2020-02-27T18:17:38","modified_gmt":"2020-02-27T16:17:38","slug":"fuente-militar-el-regimen-turco-ofrece-apoyo-con-artilleria-y-misiles-portatiles-a-los-terroristas-en-los-combates-en-curso-en-la-ciudad-de-saraqueb-idleb","status":"publish","type":"post","link":"https:\/\/archive.sana.sy\/es\/?p=132698","title":{"rendered":"Fuente militar: el r\u00e9gimen turco ofrece apoyo con artiller\u00eda y misiles port\u00e1tiles a los terroristas en los combates en curso en la ciudad de Saraqueb, Idleb"},"content":{"rendered":"","protected":false},"excerpt":{"rendered":"","protected":false},"author":34,"featured_media":0,"comment_status":"closed","ping_status":"closed","sticky":false,"template":"","format":"standard","meta":{"footnotes":""},"categories":[596],"tags":[],"class_list":["post-132698","post","type-post","status-publish","format-standard","","category-urgente"],"_links":{"self":[{"href":"https:\/\/archive.sana.sy\/es\/index.php?rest_route=\/wp\/v2\/posts\/132698"}],"collection":[{"href":"https:\/\/archive.sana.sy\/es\/index.php?rest_route=\/wp\/v2\/posts"}],"about":[{"href":"https:\/\/archive.sana.sy\/es\/index.php?rest_route=\/wp\/v2\/types\/post"}],"author":[{"embeddable":true,"href":"https:\/\/archive.sana.sy\/es\/index.php?rest_route=\/wp\/v2\/users\/34"}],"replies":[{"embeddable":true,"href":"https:\/\/archive.sana.sy\/es\/index.php?rest_route=%2Fwp%2Fv2%2Fcomments&post=132698"}],"version-history":[{"count":0,"href":"https:\/\/archive.sana.sy\/es\/index.php?rest_route=\/wp\/v2\/posts\/132698\/revisions"}],"wp:attachment":[{"href":"https:\/\/archive.sana.sy\/es\/index.php?rest_route=%2Fwp%2Fv2%2Fmedia&parent=132698"}],"wp:term":[{"taxonomy":"category","embeddable":true,"href":"https:\/\/archive.sana.sy\/es\/index.php?rest_route=%2Fwp%2Fv2%2Fcategories&post=132698"},{"taxonomy":"post_tag","embeddable":true,"href":"https:\/\/archive.sana.sy\/es\/index.php?rest_route=%2Fwp%2Fv2%2Ftags&post=132698"}],"curies":[{"name":"wp","href":"https:\/\/api.w.org\/{rel}","templated":true}]}}