{"id":132712,"date":"2020-02-27T20:52:18","date_gmt":"2020-02-27T18:52:18","guid":{"rendered":"http:\/\/sana.sy\/es\/?p=132712"},"modified":"2020-02-28T06:43:17","modified_gmt":"2020-02-28T04:43:17","slug":"fuente-militar-terroristas-en-idleb-utilizan-misiles-portatiles-estadounidense-para-atacar-aviones-militares-sirios-y-rusos","status":"publish","type":"post","link":"https:\/\/archive.sana.sy\/es\/?p=132712","title":{"rendered":"Fuente Militar: Turqu\u00eda ofrece apoyo con artiller\u00eda y misiles port\u00e1tiles a los terroristas en Idleb"},"content":{"rendered":"<p style=\"text-align: justify;\"><strong><span style=\"color: #800000;\">Damasco, SANA<\/span><\/strong><\/p>\n<p style=\"text-align: justify;\">Una fuente militar denunci\u00f3 hoy que el r\u00e9gimen turco est\u00e1 ofreciendo apoyo con artiller\u00eda y misiles port\u00e1tiles a las organizaciones terroristas en los combates que se est\u00e1n llevando a cabo en la ciudad de Saraqueb, en el este de Idleb.<\/p>\n<p style=\"text-align: justify;\">La fuente agreg\u00f3 que los terroristas est\u00e1n disparando misiles antia\u00e9reos port\u00e1tiles de fabricaci\u00f3n estadounidense y con apoyo turco contra los aviones de combates sirios y rusos.<\/p>\n<p style=\"text-align: justify;\">El ej\u00e9rcito sirio libra enfrentamientos feroces con los terroristas del Frente Al-Nousra y otros grupos terroristas apoyados por el r\u00e9gimen turco en el frente de Saraqeb, en el sudeste de la provincia de Idleb.<\/p>\n<p style=\"text-align: justify;\"><span style=\"color: #800000;\"><strong>Y.K\/F.M<\/strong><\/span><\/p>\n","protected":false},"excerpt":{"rendered":"<p>Damasco, SANA Una fuente militar denunci\u00f3 hoy que el r\u00e9gimen turco est\u00e1 ofreciendo apoyo con artiller\u00eda y misiles port\u00e1tiles a las organizaciones terroristas en los combates que se est\u00e1n llevando a cabo en la ciudad de Saraqueb, en el este de Idleb. La fuente agreg\u00f3 que los terroristas est\u00e1n disparando misiles antia\u00e9reos port\u00e1tiles de fabricaci\u00f3n &hellip;<\/p>\n","protected":false},"author":1,"featured_media":132715,"comment_status":"closed","ping_status":"closed","sticky":false,"template":"","format":"standard","meta":{"footnotes":""},"categories":[573,7541,1],"tags":[],"class_list":["post-132712","post","type-post","status-publish","format-standard","has-post-thumbnail","","category-la-realidad-de-los-acontecimientos-en-siria","category-ultimas-noticias","category-news-not-sorted"],"_links":{"self":[{"href":"https:\/\/archive.sana.sy\/es\/index.php?rest_route=\/wp\/v2\/posts\/132712"}],"collection":[{"href":"https:\/\/archive.sana.sy\/es\/index.php?rest_route=\/wp\/v2\/posts"}],"about":[{"href":"https:\/\/archive.sana.sy\/es\/index.php?rest_route=\/wp\/v2\/types\/post"}],"author":[{"embeddable":true,"href":"https:\/\/archive.sana.sy\/es\/index.php?rest_route=\/wp\/v2\/users\/1"}],"replies":[{"embeddable":true,"href":"https:\/\/archive.sana.sy\/es\/index.php?rest_route=%2Fwp%2Fv2%2Fcomments&post=132712"}],"version-history":[{"count":0,"href":"https:\/\/archive.sana.sy\/es\/index.php?rest_route=\/wp\/v2\/posts\/132712\/revisions"}],"wp:featuredmedia":[{"embeddable":true,"href":"https:\/\/archive.sana.sy\/es\/index.php?rest_route=\/wp\/v2\/media\/132715"}],"wp:attachment":[{"href":"https:\/\/archive.sana.sy\/es\/index.php?rest_route=%2Fwp%2Fv2%2Fmedia&parent=132712"}],"wp:term":[{"taxonomy":"category","embeddable":true,"href":"https:\/\/archive.sana.sy\/es\/index.php?rest_route=%2Fwp%2Fv2%2Fcategories&post=132712"},{"taxonomy":"post_tag","embeddable":true,"href":"https:\/\/archive.sana.sy\/es\/index.php?rest_route=%2Fwp%2Fv2%2Ftags&post=132712"}],"curies":[{"name":"wp","href":"https:\/\/api.w.org\/{rel}","templated":true}]}}