{"id":132748,"date":"2020-02-28T11:18:04","date_gmt":"2020-02-28T09:18:04","guid":{"rendered":"http:\/\/sana.sy\/es\/?p=132748"},"modified":"2020-02-28T11:18:04","modified_gmt":"2020-02-28T09:18:04","slug":"corresponsal-de-sana-las-fuerzas-del-regimen-turco-estan-involucradas-directamente-en-los-principales-ataques-de-organizaciones-terroristas-contra-el-ejercito-arabe-sirio-en-idleb-y-los-soldados-turc","status":"publish","type":"post","link":"https:\/\/archive.sana.sy\/es\/?p=132748","title":{"rendered":"Corresponsal de SANA: Las fuerzas del r\u00e9gimen turco est\u00e1n involucradas directamente en los principales ataques de organizaciones terroristas contra el ej\u00e9rcito \u00e1rabe sirio en Idleb y los soldados turcos se integran en las filas de terroristas"},"content":{"rendered":"","protected":false},"excerpt":{"rendered":"","protected":false},"author":30,"featured_media":0,"comment_status":"closed","ping_status":"closed","sticky":false,"template":"","format":"standard","meta":{"footnotes":""},"categories":[596],"tags":[],"class_list":["post-132748","post","type-post","status-publish","format-standard","","category-urgente"],"_links":{"self":[{"href":"https:\/\/archive.sana.sy\/es\/index.php?rest_route=\/wp\/v2\/posts\/132748"}],"collection":[{"href":"https:\/\/archive.sana.sy\/es\/index.php?rest_route=\/wp\/v2\/posts"}],"about":[{"href":"https:\/\/archive.sana.sy\/es\/index.php?rest_route=\/wp\/v2\/types\/post"}],"author":[{"embeddable":true,"href":"https:\/\/archive.sana.sy\/es\/index.php?rest_route=\/wp\/v2\/users\/30"}],"replies":[{"embeddable":true,"href":"https:\/\/archive.sana.sy\/es\/index.php?rest_route=%2Fwp%2Fv2%2Fcomments&post=132748"}],"version-history":[{"count":0,"href":"https:\/\/archive.sana.sy\/es\/index.php?rest_route=\/wp\/v2\/posts\/132748\/revisions"}],"wp:attachment":[{"href":"https:\/\/archive.sana.sy\/es\/index.php?rest_route=%2Fwp%2Fv2%2Fmedia&parent=132748"}],"wp:term":[{"taxonomy":"category","embeddable":true,"href":"https:\/\/archive.sana.sy\/es\/index.php?rest_route=%2Fwp%2Fv2%2Fcategories&post=132748"},{"taxonomy":"post_tag","embeddable":true,"href":"https:\/\/archive.sana.sy\/es\/index.php?rest_route=%2Fwp%2Fv2%2Ftags&post=132748"}],"curies":[{"name":"wp","href":"https:\/\/api.w.org\/{rel}","templated":true}]}}