{"id":132753,"date":"2020-02-28T11:51:11","date_gmt":"2020-02-28T09:51:11","guid":{"rendered":"http:\/\/sana.sy\/es\/?p=132753"},"modified":"2020-02-28T11:51:11","modified_gmt":"2020-02-28T09:51:11","slug":"corresponsal-de-sana-las-unidades-del-ejercito-arabe-sirio-continuan-sus-operaciones-contra-organizaciones-terroristas-apoyadas-por-el-regimen-turco-en-idleb-y-llevan-a-cabo-intensos-ataques-contra-s","status":"publish","type":"post","link":"https:\/\/archive.sana.sy\/es\/?p=132753","title":{"rendered":"Corresponsal de SANA: Las unidades del ej\u00e9rcito \u00e1rabe sirio contin\u00faan sus operaciones contra organizaciones terroristas apoyadas por el r\u00e9gimen turco en Idleb y llevan a cabo intensos ataques contra sus posiciones y movimientos en el eje de Saraqueb y les causan grandes p\u00e9rdidas"},"content":{"rendered":"","protected":false},"excerpt":{"rendered":"","protected":false},"author":30,"featured_media":0,"comment_status":"closed","ping_status":"closed","sticky":false,"template":"","format":"standard","meta":{"footnotes":""},"categories":[596],"tags":[],"class_list":["post-132753","post","type-post","status-publish","format-standard","","category-urgente"],"_links":{"self":[{"href":"https:\/\/archive.sana.sy\/es\/index.php?rest_route=\/wp\/v2\/posts\/132753"}],"collection":[{"href":"https:\/\/archive.sana.sy\/es\/index.php?rest_route=\/wp\/v2\/posts"}],"about":[{"href":"https:\/\/archive.sana.sy\/es\/index.php?rest_route=\/wp\/v2\/types\/post"}],"author":[{"embeddable":true,"href":"https:\/\/archive.sana.sy\/es\/index.php?rest_route=\/wp\/v2\/users\/30"}],"replies":[{"embeddable":true,"href":"https:\/\/archive.sana.sy\/es\/index.php?rest_route=%2Fwp%2Fv2%2Fcomments&post=132753"}],"version-history":[{"count":0,"href":"https:\/\/archive.sana.sy\/es\/index.php?rest_route=\/wp\/v2\/posts\/132753\/revisions"}],"wp:attachment":[{"href":"https:\/\/archive.sana.sy\/es\/index.php?rest_route=%2Fwp%2Fv2%2Fmedia&parent=132753"}],"wp:term":[{"taxonomy":"category","embeddable":true,"href":"https:\/\/archive.sana.sy\/es\/index.php?rest_route=%2Fwp%2Fv2%2Fcategories&post=132753"},{"taxonomy":"post_tag","embeddable":true,"href":"https:\/\/archive.sana.sy\/es\/index.php?rest_route=%2Fwp%2Fv2%2Ftags&post=132753"}],"curies":[{"name":"wp","href":"https:\/\/api.w.org\/{rel}","templated":true}]}}